{"id":10612,"date":"2013-11-26T09:43:22","date_gmt":"2013-11-26T08:43:22","guid":{"rendered":"http:\/\/ecocopro.com\/?p=10612"},"modified":"2013-12-27T13:11:39","modified_gmt":"2013-12-27T12:11:39","slug":"creation-de-lobservatoire-des-coproprietes-exemplaires-paris-bruxelles-montreal","status":"publish","type":"post","link":"http:\/\/ecocopro.com\/?p=10612","title":{"rendered":"Cr\u00e9ation de l&rsquo;Observatoire des Copropri\u00e9t\u00e9s Exemplaires  (PARIS, BRUXELLES, MONTREAL)"},"content":{"rendered":"<div title=\"Page 1\">\n<p><b>\u00a0<\/b><\/p>\n<p style=\"text-align: center;\"><a href=\"http:\/\/ecocopro.com\/wp-content\/uploads\/2013\/11\/copro-exemplaire.jpg\"><img decoding=\"async\" loading=\"lazy\" class=\" wp-image-10620 aligncenter\" alt=\"copro exemplaire\" src=\"http:\/\/ecocopro.com\/wp-content\/uploads\/2013\/11\/copro-exemplaire.jpg\" width=\"185\" height=\"111\" \/><\/a><\/p>\n<p>Lors du \u00a0salon ENERGIE 2013 \u00e0 BRUXELLES qui s&rsquo;est tenu entre le 18 et 20 Octobre 2013 \u00a0et qui a r\u00e9uni tous les acteurs belges de l&rsquo;\u00e9nergie au sein du VILLAGE COPROPRIETE, des colloques ont port\u00e9 sur la gouvernance des copropri\u00e9t\u00e9s dans le monde et notamment face \u00e0 la probl\u00e9matique de la r\u00e9novation \u00e9nerg\u00e9tique en copropri\u00e9t\u00e9.<\/p>\n<p>Les intervenants belges, fran\u00e7ais et qu\u00e9b\u00e9cois (qui sont venus en nombre) ont expos\u00e9 leurs solutions eu \u00e9gard \u00e0 leurs l\u00e9gislations sur la copropri\u00e9t\u00e9 qui se ressemblent mais se diff\u00e9rencient parfois quant aux pouvoirs des syndics-gestionnaires et des conseils syndicaux (conseils de copropri\u00e9t\u00e9 en Belgique et conseils d&rsquo;administration au Qu\u00e9bec).<\/p>\n<p>Le passage de la d\u00e9l\u00e9gation qu\u00e9b\u00e9coise \u00e0 Bruxelles aura permis \u00a0en outre une visite de l\u2019Institut Professionnel des Immobiliers, organe plac\u00e9 sous l\u2019autorit\u00e9 du Ministre et qui supervise la profession d\u2019agent immobilier et de syndics d\u2019immeubles en Belgique .<\/p>\n<p>&nbsp;<\/p>\n<p style=\"text-align: center;\"><a href=\"http:\/\/ecocopro.com\/wp-content\/uploads\/2013\/11\/planete-2.jpg\"><img decoding=\"async\" loading=\"lazy\" class=\"size-full wp-image-10621 aligncenter\" alt=\"planete 2\" src=\"http:\/\/ecocopro.com\/wp-content\/uploads\/2013\/11\/planete-2.jpg\" width=\"277\" height=\"182\" \/><\/a><\/p>\n<p>La France \u00e9tait repr\u00e9sent\u00e9e par Me Olivier BRANE, Avocat honoraire, sp\u00e9cialis\u00e9 en droit de la Copropri\u00e9t\u00e9, qui a expos\u00e9 notamment les solutions pr\u00e9conis\u00e9es par l&rsquo;Association PLANETE COPROPRIETE, dont il est administrateur d\u00e9l\u00e9gu\u00e9 aupr\u00e8s des instances europ\u00e9ennes et \u00a0qui oeuvre depuis sa cr\u00e9ation en 2009 sur une meilleure gouvernance plus efficace des copropri\u00e9t\u00e9s.<\/p>\n<p>Elle r\u00e9unit diff\u00e9rents acteurs de la copropri\u00e9t\u00e9 fran\u00e7aise: gestionnaires, ma\u00eetres d\u2019\u0153uvre, g\u00e9om\u00e8tres, entreprises, sp\u00e9cialistes du financement des travaux, acteurs publics de la r\u00e9novation \u00e9nerg\u00e9tique et a constitu\u00e9 une Association sp\u00e9cialis\u00e9 dans l&rsquo;\u00e9tude des sur\u00e9l\u00e9vations: PLANETE SURELEVATION qui a demand\u00e9 et obtenu du Minist\u00e8re fran\u00e7ais de l&rsquo;environnement que soit abandonn\u00e9e la r\u00e8gle de l&rsquo;unanimit\u00e9 des copropri\u00e9taires du dernier \u00e9tage, ce qui a \u00e9t\u00e9 adopt\u00e9 par le S\u00e9nat.<\/p>\n<p>PLANETE COPROPRIETE disposait en outre\u00a0 sur le salon de BRUXELLES d&rsquo;un stand d&rsquo;information sur l&rsquo;am\u00e9lioration des r\u00e8gles de fonctionnement des copropri\u00e9t\u00e9s et leur r\u00e9novation \u00e9nerg\u00e9tique.<\/p>\n<p>Il s\u2019agissait d\u2019une premi\u00e8re pour cette organisation qui se d\u00e9pla\u00e7ait en dehors de la France .<\/p>\n<p>Mr Michel VASSILIADES, syndic de copropri\u00e9t\u00e9 \u00e0 PARIS, expert judiciaire a fait part de sa propre exp\u00e9rience. Il a publi\u00e9 l&rsquo;ann\u00e9e derni\u00e8re un article remarqu\u00e9 sur le droit compar\u00e9 de la copropri\u00e9t\u00e9 France &#8211; \u00a0Belgique.<\/p>\n<p>&nbsp;<\/p>\n<p style=\"text-align: center;\"><a href=\"http:\/\/ecocopro.com\/wp-content\/uploads\/2013\/11\/planete.jpg\"><img decoding=\"async\" loading=\"lazy\" class=\"size-medium wp-image-10623 aligncenter\" alt=\"planete\" src=\"http:\/\/ecocopro.com\/wp-content\/uploads\/2013\/11\/planete-300x123.jpg\" width=\"300\" height=\"123\" srcset=\"http:\/\/ecocopro.com\/wp-content\/uploads\/2013\/11\/planete-300x123.jpg 300w, http:\/\/ecocopro.com\/wp-content\/uploads\/2013\/11\/planete.jpg 350w\" sizes=\"(max-width: 300px) 100vw, 300px\" \/><\/a><\/p>\n<p>Citons parmi les nombreux conf\u00e9renciers Me Corinne MOSTIN \u2013 avocate sp\u00e9cialis\u00e9e en Copropri\u00e9t\u00e9 et auteur de nombreux ouvrages, Me Olivier JAUNIAUX Ma\u00eetre de Conf\u00e9rence et Fran\u00e7oise LOOZEN, assistante aupr\u00e8s de l\u2019Universit\u00e9 Catholique de Louvain, Me Olivier HAMAL, auteur de la loi modificative de 2010 et Vice Pr\u00e9sident du Syndicat National des Copropri\u00e9taires, Me ALLARD\u00a0 et Me de CLIPPELLE , Notaires respectivement \u00e0 MONTREAL et \u00e0 BRUXELLES \u2026<\/p>\n<p>Mr Jean Pierre Lannoy, administrateur de biens \u00e0 Bruxelles, expert judiciaire, g\u00e9rant associ\u00e9 de BMC TOOLS sprl, organisatrice de l\u2019\u00e9v\u00e9nement , a lanc\u00e9 l&rsquo;id\u00e9e de la <b>\u00ab\u00a0COPROPRIETE EXEMPLAIRE\u00a0\u00bb<\/b> d\u00e9fini de la mani\u00e8re suivante\u00a0:<\/p>\n<ul>\n<li>Un immeuble bien construit\u00a0 et adapt\u00e9 \u00e0 cette affectation. Fini donc des divisions al\u00e9atoires. Des toitures non accessibles , des compteurs \u00e9lectriques dans des parties privatives , des cuisines caves affect\u00e9s \u00e0 des chambres \u00e0 coucher .. Un immeuble con\u00e7u pour pouvoir g\u00e9n\u00e9rer des services compl\u00e9mentaires sans pour autant augmenter le cout des charges.. Des jardins communs invitant \u00e0 l\u2019organisation d\u2019activit\u00e9s multiples, concerts d\u2019\u00e9t\u00e9, des syst\u00e8mes de centralisations des demandes aussi diverses que multiples entre plusieurs copropri\u00e9t\u00e9s voisines. ..<\/li>\n<\/ul>\n<p>&nbsp;<\/p>\n<ul>\n<li>Un immeuble fonctionnant \u00e0 partir d\u2019un processus compris par les copropri\u00e9taires , reconnu, uniforme\u00a0 avec des analyses pr\u00e9cises quant \u00e0 l\u2019\u00e9tat constructif reprenant, les travaux \u00e0 y d\u00e9velopper , des fonds de r\u00e9serve calcul\u00e9s d\u00e8s la naissance de l\u2019immeuble et des budgets financiers pr\u00e9cis. Fini donc les d\u00e9sagr\u00e9ables surprises des nouveaux acqu\u00e9reurs ou des augmentations de charges r\u00e9sultant\u00a0 de la v\u00e9tust\u00e9 des installations.<\/li>\n<\/ul>\n<p>&nbsp;<\/p>\n<ul>\n<li>Un ensemble immobilier\u00a0 o\u00f9 il fait bon vivre ou les copropri\u00e9taires ont parfaitement compris l\u2019importance de la vie en Copropri\u00e9t\u00e9 et de ses imp\u00e9ratifs et ainsi respectant non seulement les r\u00e8glements d\u2019ordre int\u00e9rieur mais \u00e9galement leurs obligations face \u00e0 la chose commune. Valorisant l\u2019aspect participatif\u00a0 pour am\u00e9liorer la viabilit\u00e9 du tissu social.<\/li>\n<\/ul>\n<p>&nbsp;<\/p>\n<p>Le tout sous l\u2019\u0153il attentif de vraies professionnels de la gestion, form\u00e9s \u00e0 cet effet et d\u00e9veloppant des comp\u00e9tences bien pr\u00e9cises pour prendre les d\u00e9cisions utiles, guider les copropri\u00e9taires \u00a0et donc devenir garant ce parfait \u00e9quilibre..<\/p>\n<p>&nbsp;<\/p>\n<p style=\"text-align: center;\"><a href=\"http:\/\/ecocopro.com\/wp-content\/uploads\/2013\/11\/yves.jpg\"><img decoding=\"async\" loading=\"lazy\" class=\"size-full wp-image-10624 aligncenter\" alt=\"yves\" src=\"http:\/\/ecocopro.com\/wp-content\/uploads\/2013\/11\/yves.jpg\" width=\"300\" height=\"168\" \/><\/a><\/p>\n<p>\u00a0Le Qu\u00e9bec, repr\u00e9sent\u00e9 par Me Yves JOLI-COEUR, Avocat \u00e9m\u00e9rite au Barreau de Montr\u00e9al, sp\u00e9cialis\u00e9 en droit de la copropri\u00e9t\u00e9 a expos\u00e9 comment la l\u00e9gislation qu\u00e9b\u00e9coise \u00e9tait en train d&rsquo;\u00e9voluer vers une professionnalisation accrue des gestionnaires de copropri\u00e9t\u00e9 dans le but que les syndics deviennent eux aussi \u00ab\u00a0exemplaires\u00a0\u00bb.<\/p>\n<p>Me Yves JOLI-COEUR et Me BRANE \u00a0co-auteur de l\u2019ouvrage <i>\u00ab\u00a0LES COPROPRIETES EN DIFFICULTES: Constats et solutions France\/Qu\u00e9bec\u00a0\u00bb <\/i>se sont ralli\u00e9s \u00e0 l\u2019id\u00e9e de constituer avec Jean Pierre Lannoy, les bases d\u2019un <b>\u00ab\u00a0OBSERVATOIRE DES COPROPRIETES EXEMPLAIRES\u00a0\u00bb <\/b>et surtout de les valoriser \u00e0 travers les 3 pays\u00a0 pour s\u2019assurer de leur d\u00e9multiplication. Un catalogue des \u00ab\u00a0succes story\u00a0\u00bb de la la Copropri\u00e9t\u00e9.<\/p>\n<p>&nbsp;<\/p>\n<p style=\"text-align: center;\"><a href=\"http:\/\/ecocopro.com\/wp-content\/uploads\/2013\/11\/copro-en-difficultes.jpg\"><img decoding=\"async\" loading=\"lazy\" class=\"size-full wp-image-10625 aligncenter\" alt=\"copro en difficultes\" src=\"http:\/\/ecocopro.com\/wp-content\/uploads\/2013\/11\/copro-en-difficultes.jpg\" width=\"182\" height=\"277\" \/><\/a><\/p>\n<p>&nbsp;<\/p>\n<p>&nbsp;<\/p>\n<p>En outre \u00a0cet initiative a pour finalit\u00e9 d&rsquo;\u00e9tudier dans les l\u00e9gislations FRANCE QUEBEC BELGIQUE les \u00a0meilleurs moyens de gouvernance des copropri\u00e9t\u00e9s et de faire des propositions communes en apportant ce qu&rsquo;il y a de mieux dans chaque l\u00e9gislation en vue de d\u00e9gager des crit\u00e8res intangibles, une sorte de check list pour de meilleures copropri\u00e9t\u00e9s vertueuses.<\/p>\n<p>Tant destin\u00e9 \u00e0 l\u2019attention des syndics, des copropri\u00e9taires\u00a0 et de tous les intervenants tant public (r\u00e9gionaux, f\u00e9d\u00e9raux et europ\u00e9ens) \u00a0que priv\u00e9 (milieux associatifs du secteur, professions connexes)\u00a0 \u00a0, cet observatoire a pour objectif premier d\u2019\u00e9tudier tous les aspects de la Copropri\u00e9t\u00e9 dont ceux bien entendu se rapportant au d\u00e9veloppement durable.<\/p>\n<p>Une nouvelle r\u00e9union de l\u2019observatoire devrait se tenir \u00e0 MONTREAL au printemps 2014.<\/p>\n<p>Les droits de la copropri\u00e9t\u00e9 fran\u00e7ais, belges et qu\u00e9b\u00e9cois sont apparemment les meilleurs syst\u00e8mes m\u00ealant d\u00e9mocratie directe par les d\u00e9cisions d&rsquo;assembl\u00e9e g\u00e9n\u00e9rale et gouvernance \u00ab\u00a0semi pr\u00e9sidentielle\u00a0\u00bb par les Conseils syndicaux ou leurs \u00e9quivalents, \u00a0les syndics gestionnaires conservant, selon des niveaux diff\u00e9rents, leur place de r\u00e9f\u00e9rence en tant que professionnels de la gestion immobili\u00e8re, leur formation et le respect des r\u00e8gles d\u00e9ontologiques constituant un \u00e9l\u00e9ment d\u00e9terminant.<\/p>\n<p>&nbsp;<\/p>\n<p>&nbsp;<\/p>\n<p>La loi fran\u00e7aise ALUR dans ses dispositions relatives \u00e0 la copropri\u00e9t\u00e9 contient de nouvelles pistes de r\u00e9flexion qui vont \u00eatre ou non reprises dans les propositions des 3 juristes cr\u00e9ateurs de cet Observatoire dont l&rsquo;\u00e9quivalent n&rsquo;existe pas dans le monde.<\/p>\n<p>OBSERVATOIRE DES COPROPRIETES EXEMPLAIRES (Bruxelles, Paris, Montr\u00e9al)<\/p>\n<p>&nbsp;<\/p>\n<p>&nbsp;<\/p>\n<p><span style=\"color: #ff0000;\">Par exemple au QUEBEC voici la liste du check point du futur copropri\u00e9taire:<\/span><\/p>\n<p>&nbsp;<\/p>\n<h1>Liste de v\u00e9rification pour l\u2019\u00e9valuation de l\u2019\u00e9tat des lieux (logements existants)<\/h1>\n<div>\n<p>Utilisez cette liste pour \u00e9valuer l\u2019\u00e9tat de l\u2019immeuble.<\/p>\n<h2>Parties communes \u2013 Int\u00e9rieur<\/h2>\n<ul>\n<li>L\u2019entr\u00e9e est propre et en bon \u00e9tat.<\/li>\n<li>Les portes ext\u00e9rieures, les serrures et le syst\u00e8me de s\u00e9curit\u00e9 fonctionnent bien.<\/li>\n<li>Les installations r\u00e9cr\u00e9atives (le cas \u00e9ch\u00e9ant) sont propres et en bon \u00e9tat.<\/li>\n<li>Les ascenseurs sont propres et fonctionnent bien.<\/li>\n<li>Les corridors sont propres, bien \u00e9clair\u00e9s et inodores, les moquettes sont en bon \u00e9tat et la peinture n\u2019est pas ab\u00eem\u00e9e.<\/li>\n<li>Les escaliers sont bien \u00e9clair\u00e9s, et les portes et les poign\u00e9es fonctionnent bien.<\/li>\n<li><a href=\"http:\/\/www.cmhc-schl.gc.ca\/fr\/co\/enlo\/modoai\/modoai_001.cfm\">Les escaliers ont des mains courantes et le nez des marches est marqu\u00e9 pour am\u00e9liorer la s\u00e9curit\u00e9<\/a><\/li>\n<li>Le sous-sol et les espaces d\u2019entreposage communs sont propres, secs et bien \u00e9clair\u00e9s.<\/li>\n<li>Il n\u2019y a pas de signes de fuite d\u2019eau ni de moisissures.<\/li>\n<li>Le parc de stationnement ne pr\u00e9sente aucun signe de fuite ni de d\u00e9t\u00e9rioration du b\u00e9ton.<\/li>\n<li>Toutes les parties de l\u2019immeuble respectent vos exigences d\u2019accessibilit\u00e9.<\/li>\n<\/ul>\n<h2>Parties communes \u2013 Ext\u00e9rieur<\/h2>\n<ul>\n<li>Les ordures et les mati\u00e8res recyclables sont dans des poubelles ou des bacs.<\/li>\n<li>En hiver, les all\u00e9es et les aires de stationnement sont bien d\u00e9neig\u00e9es et exemptes de glace.<\/li>\n<li>Les commodit\u00e9s, y compris les espaces r\u00e9cr\u00e9atifs (terrains de jeux) ext\u00e9rieurs et le terrain, sont propres et en bon \u00e9tat.<\/li>\n<li>Les murs ext\u00e9rieurs ne sont pas fissur\u00e9s, corrod\u00e9s, ni endommag\u00e9s par l\u2019eau.<\/li>\n<li>Les rampes des balcons sont solides et ne sont pas rouill\u00e9es, et les planches ou la surface de plancher sont en bon \u00e9tat.<\/li>\n<li>Les all\u00e9es carrossables, les trottoirs et les aires de stationnement sont en bon \u00e9tat (aucune accumulation d\u2019eau).<\/li>\n<li>Les prises de courant pour chauffe-moteur (le cas \u00e9ch\u00e9ant) sont fonctionnelles.<\/li>\n<li>Les all\u00e9es et les aires de stationnement sont bien \u00e9clair\u00e9es.<\/li>\n<li>Il n\u2019y a pas de traces d\u2019eau ni de corrosion sur les murs, le rev\u00eatement est bien fix\u00e9 et les briques sont d\u00e9pourvues de marques blanches.<\/li>\n<li>Les pelouses et les cl\u00f4tures sont en bon \u00e9tat.<\/li>\n<\/ul>\n<h2>Logement<\/h2>\n<ul>\n<li>L\u2019odeur \u00e0 l\u2019entr\u00e9e du logement n\u2019est pas d\u00e9sagr\u00e9able.<\/li>\n<li>La porte ext\u00e9rieure du logement est en bon \u00e9tat, la peinture n\u2019est pas ab\u00eem\u00e9e et les serrures et le verrou fonctionnent bien.<\/li>\n<li>Les plaques de pl\u00e2tre ne sont pas enfonc\u00e9es ni d\u00e9t\u00e9rior\u00e9es.<\/li>\n<li>La peinture n\u2019est pas ab\u00eem\u00e9e.<\/li>\n<li>Les rev\u00eatements de sols (c\u00e9ramique, bois, moquette) sont en bon \u00e9tat et d\u00e9pourvus de taches, de trous et de traces de br\u00fblures.<\/li>\n<li>Il y a des d\u00e9tecteurs de fum\u00e9e \u00e0 chaque \u00e9tage.<\/li>\n<li>Les portes int\u00e9rieures sont en bon \u00e9tat, s\u2019ouvrent et se ferment facilement; les poign\u00e9es et les serrures fonctionnent bien.<\/li>\n<li>Les fen\u00eatres s&rsquo;ouvrent, se ferment et se verrouillent ais\u00e9ment, les vitres ne sont pas ray\u00e9es, il n\u2019y a pas de courant d\u2019air ni de moisissures et les joints sont en place.<\/li>\n<li>Il n\u2019y a pas de traces d\u2019eau visibles autour des fen\u00eatres, pr\u00e8s des planchers et des plafonds, et les plaques de pl\u00e2tre ne sont pas endommag\u00e9es.<\/li>\n<li>Tous les appareils d\u2019\u00e9clairage fonctionnent bien.<\/li>\n<li>Les \u00e9lectrom\u00e9nagers (s&rsquo;ils sont inclus) fonctionnent bien, sont propres et en bon \u00e9tat.<\/li>\n<li>La tuyauterie ne coule pas.<\/li>\n<li>Les toilettes se vident et se remplissent bien.<\/li>\n<li>Les murs de la baignoire et de la douche sont propres et solides.<\/li>\n<li>La baignoire est munie de barres d\u2019appui solidement fix\u00e9es pour y entrer et en sortir en toute s\u00e9curit\u00e9.<\/li>\n<li>Le fond de la baignoire est antid\u00e9rapant.<\/li>\n<li>Les prises \u00e9lectriques fonctionnent bien.<\/li>\n<li>Les armoires de cuisine sont en bon \u00e9tat, leurs portes fonctionnent bien et il n\u2019y a aucun signe de la pr\u00e9sence d\u2019animaux ou d\u2019insectes nuisibles (excr\u00e9ments d\u2019insectes ou de souris).<\/li>\n<li>Le sous-sol est sec, sans odeur manifeste et ne semble pas avoir \u00e9t\u00e9 endommag\u00e9 par l\u2019eau; rien n\u2019indique qu\u2019il y a d\u00e9j\u00e0 eu inondation.<\/li>\n<li>La pompe de puisard au sous-sol fonctionne bien (le cas \u00e9ch\u00e9ant).<\/li>\n<li>Les syst\u00e8mes de chauffage et de climatisation du logement fonctionnent bien, sont en bon \u00e9tat et ne sont pas en fin de vie utile.<\/li>\n<li>Les ventilateurs de la cuisine et de la salle de bains sont en bon \u00e9tat.<\/li>\n<\/ul>\n<h2>Quartier<\/h2>\n<ul>\n<li>Le quartier est viable.<\/li>\n<li>Le secteur est s\u00e9curitaire.<\/li>\n<li>Le secteur offre des commodit\u00e9s et des services dont vous ou votre famille avez besoin (par exemple, le transport en commun, des commerces, des parcs et de bonnes \u00e9coles).<\/li>\n<\/ul>\n<\/div>\n<p>&nbsp;<\/p>\n<p>&nbsp;<\/p>\n<\/div>\n","protected":false},"excerpt":{"rendered":"<p>Un nouvel outil pour am\u00e9liorer la gouvernance des copropri\u00e9t\u00e9s<\/p>\n<p>Un triangle BRUXELLES, PARIS, MONTREAL pour analyser les copropri\u00e9t\u00e9s dans les 3 pays<\/p>\n<p>R\u00e9novation \u00e9nerg\u00e9tique,  am\u00e9lioration des rapports entre le Conseil syndical, le copropri\u00e9taire et le syndic, baisse des charges&#8230;<\/p>\n","protected":false},"author":2,"featured_media":0,"comment_status":"open","ping_status":"open","sticky":false,"template":"","format":"standard","meta":[],"categories":[23,4],"tags":[],"_links":{"self":[{"href":"http:\/\/ecocopro.com\/index.php?rest_route=\/wp\/v2\/posts\/10612"}],"collection":[{"href":"http:\/\/ecocopro.com\/index.php?rest_route=\/wp\/v2\/posts"}],"about":[{"href":"http:\/\/ecocopro.com\/index.php?rest_route=\/wp\/v2\/types\/post"}],"author":[{"embeddable":true,"href":"http:\/\/ecocopro.com\/index.php?rest_route=\/wp\/v2\/users\/2"}],"replies":[{"embeddable":true,"href":"http:\/\/ecocopro.com\/index.php?rest_route=%2Fwp%2Fv2%2Fcomments&post=10612"}],"version-history":[{"count":5,"href":"http:\/\/ecocopro.com\/index.php?rest_route=\/wp\/v2\/posts\/10612\/revisions"}],"predecessor-version":[{"id":10676,"href":"http:\/\/ecocopro.com\/index.php?rest_route=\/wp\/v2\/posts\/10612\/revisions\/10676"}],"wp:attachment":[{"href":"http:\/\/ecocopro.com\/index.php?rest_route=%2Fwp%2Fv2%2Fmedia&parent=10612"}],"wp:term":[{"taxonomy":"category","embeddable":true,"href":"http:\/\/ecocopro.com\/index.php?rest_route=%2Fwp%2Fv2%2Fcategories&post=10612"},{"taxonomy":"post_tag","embeddable":true,"href":"http:\/\/ecocopro.com\/index.php?rest_route=%2Fwp%2Fv2%2Ftags&post=10612"}],"curies":[{"name":"wp","href":"https:\/\/api.w.org\/{rel}","templated":true}]}}