{"id":10520,"date":"2013-11-04T14:17:51","date_gmt":"2013-11-04T13:17:51","guid":{"rendered":"http:\/\/ecocopro.com\/?p=10520"},"modified":"2013-11-04T14:21:05","modified_gmt":"2013-11-04T13:21:05","slug":"une-charte-defficacite-energetique-pour-les-immeubles-de-bureau","status":"publish","type":"post","link":"https:\/\/ecocopro.com\/?p=10520","title":{"rendered":"Une charte d&rsquo;efficacit\u00e9 energ\u00e9tique pour les immeubles de bureaux et \u00ab\u00a0tertiaires\u00a0\u00bb"},"content":{"rendered":"<p>&nbsp;<\/p>\n<p style=\"text-align: center;\"><a href=\"http:\/\/ecocopro.com\/wp-content\/uploads\/2013\/11\/efficacite.jpg\"><img decoding=\"async\" loading=\"lazy\" class=\"size-full wp-image-10521 aligncenter\" alt=\"efficacite\" src=\"http:\/\/ecocopro.com\/wp-content\/uploads\/2013\/11\/efficacite.jpg\" width=\"290\" height=\"174\" \/><\/a><\/p>\n<p style=\"text-align: left;\">Cette charte est applicable aux batiments tertiaires (bureaux commerces et entrep\u00f4ts).<\/p>\n<p>Ces batiments peuvent etre en copropri\u00e9t\u00e9 mais cette charte n&rsquo;est pas applicable aux copropri\u00e9t\u00e9s d&rsquo;habitation ou mixtes, lesquelles doivent donc se f\u00e9d\u00e9rer pour qu&rsquo;un texte semblable soit un jour \u00e9labor\u00e9 et sign\u00e9 par les acteurs de la copropri\u00e9t\u00e9 r\u00e9sidentielle qui le voudront&#8230;<\/p>\n<p>&nbsp;<\/p>\n<p>Voici le communiqu\u00e9 du Minist\u00e8re:<\/p>\n<p>&nbsp;<\/p>\n<p>Conscients de la n\u00e9cessit\u00e9 d\u2019organiser un mouvement coordonn\u00e9 de r\u00e9novation \u00e9nerg\u00e9tique du parc tertiaire,\u00a0<strong><span style=\"color: #78b41e;\">30 signataires<\/span><\/strong>\u00a0ont d\u00e9cid\u00e9 d\u2019anticiper la mise en application de l\u2019obligation future de r\u00e9novation, dont le d\u00e9cret sera publi\u00e9 en 2014 .<\/p>\n<p>Cette\u00a0<a href=\"http:\/\/www.planbatimentdurable.fr\/IMG\/pdf\/131031_Charte_renovation_tertiaire_signee.pdf\" type=\"application\/pdf\">charte<\/a>\u00a0est bas\u00e9e sur le rapport remis par Maurice Gauchot au Plan B\u00e2timent Durable en novembre 2011, qui propose ce que pourraient \u00eatre les grandes caract\u00e9ristiques de l\u2019obligation de r\u00e9novation \u00e9nerg\u00e9tique qui incombe aux b\u00e2timents tertiaires publics et priv\u00e9s entre 2012 et 2020.<br \/>\nSes signataires souhaitent qu\u2019elle suscite un mouvement d\u2019ensemble en faveur de<strong><span style=\"color: #78b41e;\">l\u2019am\u00e9lioration de l\u2019efficacit\u00e9 \u00e9nerg\u00e9tique, du bien-\u00eatre des utilisateurs des locaux et de l\u2019activit\u00e9 \u00e9conomique de la fili\u00e8re du b\u00e2timent et de l\u2019immobilier.<\/span><\/strong><\/p>\n<p>La charte est ouverte \u00e0 la signature de\u00a0<strong><span style=\"color: #78b41e;\">tous les acteurs publics et priv\u00e9s du secteur tertiaire d\u00e9sireux d\u2019engager l\u2019am\u00e9lioration \u00e9nerg\u00e9tique de leur parc.<\/span><\/strong><\/p>\n<p>Elle est \u00e9galement ouverte aux\u00a0<strong><span style=\"color: #78b41e;\">organismes collectifs qui rassemblent les acteurs du parc tertiaire public et priv\u00e9<\/span><\/strong>\u00a0: associations, f\u00e9d\u00e9rations qui promeuvent les int\u00e9r\u00eats d\u2019un m\u00e9tier ou d\u2019un segment particulier du parc.<\/p>\n<p>&nbsp;<\/p>\n<p style=\"text-align: center;\"><a href=\"http:\/\/ecocopro.com\/wp-content\/uploads\/2013\/11\/eff.jpg\"><img decoding=\"async\" loading=\"lazy\" class=\"size-full wp-image-10522 aligncenter\" alt=\"eff\" src=\"http:\/\/ecocopro.com\/wp-content\/uploads\/2013\/11\/eff.jpg\" width=\"169\" height=\"154\" \/><\/a><\/p>\n<p>&nbsp;<\/p>\n<p>&nbsp;<\/p>\n<p>En recopiant le lien ci dessous on peut avoir acc\u00e8s \u00e0 cette charte:<\/p>\n<p>http:\/\/charterenovationtertaire.files.wordpress.com\/2013\/06\/130923-charte-tertiaire_version-dc3a9finitive-validc3a9e-avec-filigrane.pdf<\/p>\n<p>&nbsp;<\/p>\n<p>Les signataires de la charte:<\/p>\n<p>&nbsp;<\/p>\n<div>\n<div><strong>Les premiers signataires de la charte pour l\u2019efficacit\u00e9 \u00e9nerg\u00e9tique des b\u00e2timents tertiaires publics et priv\u00e9 (novembre 2013):<\/strong><\/div>\n<p>AEW Europe<\/p>\n<p>Allianz Real Estate France<\/p>\n<p>Altarea Cogedim<\/p>\n<p>Amundi Immobilier<\/p>\n<p>Banque Populaire Lorraine-Champagne<\/p>\n<p>BNP Paribas Cardif<\/p>\n<p>BNP Paribas REIM France<\/p>\n<p>BNP Paribas REIS France<\/p>\n<p>Castorama<\/p>\n<p>CSTB<\/p>\n<p>Cofely Services (GDF Suez)<\/p>\n<p>Cr\u00e9dit Agricole Immobilier<\/p>\n<p>Dalkia France<\/p>\n<p>EDF<\/p>\n<p>Fonci\u00e8re des R\u00e9gions<\/p>\n<p>GDF-Suez<\/p>\n<p>Gecina<\/p>\n<p>La Fran\u00e7aise REM<\/p>\n<p>Poste Immo<\/p>\n<p>SCPI PFO2<\/p>\n<p>Soci\u00e9t\u00e9 de la Tour Eiffel<\/p>\n<p>Unibail-Rodamco<\/p>\n<p>Universit\u00e9 Paris-Dauphine<\/p>\n<p>Universit\u00e9 de technologie de Belfort-Montb\u00e9liard<\/p>\n<p>Avec le soutien\u00a0de :<\/p>\n<p>Association des directeurs immobiliers<\/p>\n<p>Conseil national des centres commerciaux<\/p>\n<p>F\u00e9d\u00e9ration des soci\u00e9t\u00e9s immobili\u00e8res et fonci\u00e8res<\/p>\n<p>Green Rating Alliance<\/p>\n<p>Institut fran\u00e7ais pour la performance du b\u00e2timent<\/p>\n<p>Observatoire de l\u2019immobilier durable<\/p>\n<\/div>\n","protected":false},"excerpt":{"rendered":"<p>&nbsp; Cette charte est applicable aux batiments tertiaires (bureaux commerces et entrep\u00f4ts). Ces batiments peuvent etre en copropri\u00e9t\u00e9 mais cette charte n&rsquo;est pas applicable aux copropri\u00e9t\u00e9s d&rsquo;habitation ou mixtes, lesquelles doivent donc se f\u00e9d\u00e9rer pour qu&rsquo;un texte semblable soit un jour \u00e9labor\u00e9 et sign\u00e9 par les acteurs de la copropri\u00e9t\u00e9 r\u00e9sidentielle qui le voudront&#8230; &nbsp; [&hellip;]<\/p>\n","protected":false},"author":2,"featured_media":0,"comment_status":"open","ping_status":"open","sticky":true,"template":"","format":"standard","meta":[],"categories":[11],"tags":[8,9,10],"_links":{"self":[{"href":"https:\/\/ecocopro.com\/index.php?rest_route=\/wp\/v2\/posts\/10520"}],"collection":[{"href":"https:\/\/ecocopro.com\/index.php?rest_route=\/wp\/v2\/posts"}],"about":[{"href":"https:\/\/ecocopro.com\/index.php?rest_route=\/wp\/v2\/types\/post"}],"author":[{"embeddable":true,"href":"https:\/\/ecocopro.com\/index.php?rest_route=\/wp\/v2\/users\/2"}],"replies":[{"embeddable":true,"href":"https:\/\/ecocopro.com\/index.php?rest_route=%2Fwp%2Fv2%2Fcomments&post=10520"}],"version-history":[{"count":2,"href":"https:\/\/ecocopro.com\/index.php?rest_route=\/wp\/v2\/posts\/10520\/revisions"}],"predecessor-version":[{"id":10524,"href":"https:\/\/ecocopro.com\/index.php?rest_route=\/wp\/v2\/posts\/10520\/revisions\/10524"}],"wp:attachment":[{"href":"https:\/\/ecocopro.com\/index.php?rest_route=%2Fwp%2Fv2%2Fmedia&parent=10520"}],"wp:term":[{"taxonomy":"category","embeddable":true,"href":"https:\/\/ecocopro.com\/index.php?rest_route=%2Fwp%2Fv2%2Fcategories&post=10520"},{"taxonomy":"post_tag","embeddable":true,"href":"https:\/\/ecocopro.com\/index.php?rest_route=%2Fwp%2Fv2%2Ftags&post=10520"}],"curies":[{"name":"wp","href":"https:\/\/api.w.org\/{rel}","templated":true}]}}