{"id":11155,"date":"2014-12-18T11:50:46","date_gmt":"2014-12-18T10:50:46","guid":{"rendered":"http:\/\/ecocopro.com\/?p=11155"},"modified":"2015-07-31T13:50:24","modified_gmt":"2015-07-31T12:50:24","slug":"11155","status":"publish","type":"post","link":"https:\/\/ecocopro.com\/?p=11155","title":{"rendered":"DU NOUVEAU DANS LA CERTIFICATION DES COPROPRIETES \u00ab\u00a0VERTUEUSES\u00a0\u00bb"},"content":{"rendered":"<p>&nbsp;<\/p>\n<p><a href=\"http:\/\/ecocopro.com\/wp-content\/uploads\/2014\/12\/planete-copro.jpg\"><img decoding=\"async\" loading=\"lazy\" class=\"wp-image-11156 alignleft\" alt=\"planete copro\" src=\"http:\/\/ecocopro.com\/wp-content\/uploads\/2014\/12\/planete-copro.jpg\" width=\"160\" height=\"163\" \/><\/a>\u00a0<a href=\"http:\/\/ecocopro.com\/wp-content\/uploads\/2014\/12\/cerqual.jpg\"><img decoding=\"async\" loading=\"lazy\" class=\" wp-image-11158 alignright\" alt=\"cerqual\" src=\"http:\/\/ecocopro.com\/wp-content\/uploads\/2014\/12\/cerqual.jpg\" width=\"147\" height=\"166\" \/><\/a><\/p>\n<p>&nbsp;<\/p>\n<p>&nbsp;<\/p>\n<p>&nbsp;<\/p>\n<p>&nbsp;<\/p>\n<p>&nbsp;<\/p>\n<p>&nbsp;<\/p>\n<p>Une copropri\u00e9t\u00e9 vertueuse est celle qui aura fait sa r\u00e9novation \u00e9nerg\u00e9tique convenablement et aura suivi les pr\u00e9ceptes du d\u00e9veloppement durable.<\/p>\n<p>L&rsquo;association <b>Qualite<\/b>l et son organisme certificateur <b>Cerqual<\/b> ont sign\u00e9 un partenariat avec l&rsquo;association <b>Plan\u00e8te Copropri\u00e9t\u00e9<\/b> afin de promouvoir le d\u00e9veloppement durable et la r\u00e9novation \u00e9nerg\u00e9tique dans les copropri\u00e9t\u00e9s.<\/p>\n<p>Ensemble, ils mettront en place des actions de communication r\u00e9guli\u00e8res.<\/p>\n<p style=\"text-align: left;\" align=\"center\">\u00a0Dans le cadre du plan national de r\u00e9novation de l&rsquo;habitat, de Qualitel et Plan\u00e8te Copropri\u00e9t\u00e9 se sont donc engag\u00e9s \u00e0 mutualiser leurs efforts d&rsquo;accompagnement des copropri\u00e9t\u00e9s vers la transition \u00e9nerg\u00e9tique.<\/p>\n<p>\u00a0Ils annoncent que des outils de mesure seront mis en \u0153uvre par les signataires, afin de favoriser les bonnes pratiques des professionnels et d&rsquo;apporter des informations aux particuliers et aux conseils syndicaux qui souhaitent lancer des travaux de r\u00e9novation.<\/p>\n<p>&nbsp;<\/p>\n<p style=\"text-align: center;\"><a href=\"http:\/\/ecocopro.com\/wp-content\/uploads\/2014\/12\/bic.jpg\"><img decoding=\"async\" loading=\"lazy\" class=\"size-full wp-image-11159 aligncenter\" alt=\"bic\" src=\"http:\/\/ecocopro.com\/wp-content\/uploads\/2014\/12\/bic.jpg\" width=\"221\" height=\"228\" \/><\/a><\/p>\n<p>\u00ab\u00a0<i>Cette convention vient consolider le lancement des nouvelles fonctionnalit\u00e9s de Gisele, l&rsquo;Extranet de la copropri\u00e9t\u00e9 de l&rsquo;association Qualitel<\/i>\u00ab\u00a0, annoncent-ils.<\/p>\n<p>Concr\u00e8tement, le partenariat se traduira par la mise en place d&rsquo;actions de communication qui encourageront les acteurs de la r\u00e9novation et les pouvoirs publics \u00e0 se rapprocher, diffuseront des informations et mettront en place des outils.<\/p>\n<p>Jean-Loup Taieb, le pr\u00e9sident de Plan\u00e8te Copropri\u00e9t\u00e9 explique : \u00ab\u00a0<i>Notre engagement aupr\u00e8s de l&rsquo;association Qualitel et de Cerqual s&rsquo;inscrit dans une d\u00e9marche de mutualisation des efforts au service de la copropri\u00e9t\u00e9. Il t\u00e9moigne de notre volont\u00e9 de soutenir et de r\u00e9aliser des actions visant \u00e0 am\u00e9liorer la performance \u00e9nerg\u00e9tique et contribuer \u00e0 une approche de d\u00e9veloppement durable de l&rsquo;habitat. Nous nous fondons sur une large strat\u00e9gie d&rsquo;information et de communication afin d&rsquo;apporter des r\u00e9ponses et des solutions innovantes et pratiques, tant aux professionnels qu&rsquo;aux particuliers<\/i>\u00ab\u00a0.<\/p>\n<p>Plusieurs axes seront d\u00e9velopp\u00e9s, dont le financement et l&rsquo;optimisation des aides relatives aux travaux en copropri\u00e9t\u00e9.<\/p>\n<p>Ensemble, les deux partenaires vont analyser les d\u00e9marches existantes et encourager de nouveaux m\u00e9canismes (bonification de pr\u00eat, majoration de subvention, sur\u00e9l\u00e9vation, tiers financement).<\/p>\n<p style=\"text-align: center;\"><a href=\"http:\/\/ecocopro.com\/wp-content\/uploads\/2014\/11\/renov1.jpg\"><img decoding=\"async\" loading=\"lazy\" class=\"size-full wp-image-11140 aligncenter\" alt=\"renov\" src=\"http:\/\/ecocopro.com\/wp-content\/uploads\/2014\/11\/renov1.jpg\" width=\"198\" height=\"255\" \/><\/a><\/p>\n<p>\u00a0Ils envisagent \u00e9galement de faire la promotion de la maquette num\u00e9rique (BIM), \u00ab\u00a0<i>une technologie qui implique la cr\u00e9ation et l&rsquo;utilisation d&rsquo;un mod\u00e8le 3D intelligent pour prendre les meilleures d\u00e9cisions concernant un projet<\/i>\u00ab\u00a0, pr\u00e9cisent-ils.<\/p>\n<p>Afin de cr\u00e9er un climat de confiance et sensibiliser les copropri\u00e9taires \u00e0 s&rsquo;investir dans les travaux de r\u00e9novation, Cerqual et Plan\u00e8te Copropri\u00e9t\u00e9 mettront \u00e0 disposition leurs expertises respectives.<\/p>\n<p>&nbsp;<\/p>\n<p style=\"text-align: center;\"><a href=\"http:\/\/ecocopro.com\/wp-content\/uploads\/2014\/09\/images3.jpg\"><img decoding=\"async\" loading=\"lazy\" class=\"size-full wp-image-11099 aligncenter\" alt=\"images\" src=\"http:\/\/ecocopro.com\/wp-content\/uploads\/2014\/09\/images3.jpg\" width=\"223\" height=\"226\" \/><\/a><\/p>\n<p>\u00a0Ils mettront en place des liens entre les diff\u00e9rents sites Internet et guides Extranet et organiseront des \u00e9changes entre professionnels et conseillers syndicaux au travers de manifestations, r\u00e9unions et prises de parole.<\/p>\n<p>Un module de formation \u00e0 la r\u00e9novation \u00e9nerg\u00e9tique, destin\u00e9 aux collectivit\u00e9s, aux syndics de gestion et aux conseils syndicaux est au programme des deux partenaires.<\/p>\n<p>Ecocopro.com participe activement \u00e0 ce rapprochement.<\/p>\n<p>&nbsp;<\/p>\n<p>&nbsp;<\/p>\n","protected":false},"excerpt":{"rendered":"<p>&nbsp; \u00a0 &nbsp; &nbsp; &nbsp; &nbsp; &nbsp; &nbsp; Une copropri\u00e9t\u00e9 vertueuse est celle qui aura fait sa r\u00e9novation \u00e9nerg\u00e9tique convenablement et aura suivi les pr\u00e9ceptes du d\u00e9veloppement durable. L&rsquo;association Qualitel et son organisme certificateur Cerqual ont sign\u00e9 un partenariat avec l&rsquo;association Plan\u00e8te Copropri\u00e9t\u00e9 afin de promouvoir le d\u00e9veloppement durable et la r\u00e9novation \u00e9nerg\u00e9tique dans les [&hellip;]<\/p>\n","protected":false},"author":2,"featured_media":0,"comment_status":"closed","ping_status":"open","sticky":false,"template":"","format":"standard","meta":[],"categories":[23,11,5,6,13],"tags":[120,119,122,121,31,92],"_links":{"self":[{"href":"https:\/\/ecocopro.com\/index.php?rest_route=\/wp\/v2\/posts\/11155"}],"collection":[{"href":"https:\/\/ecocopro.com\/index.php?rest_route=\/wp\/v2\/posts"}],"about":[{"href":"https:\/\/ecocopro.com\/index.php?rest_route=\/wp\/v2\/types\/post"}],"author":[{"embeddable":true,"href":"https:\/\/ecocopro.com\/index.php?rest_route=\/wp\/v2\/users\/2"}],"replies":[{"embeddable":true,"href":"https:\/\/ecocopro.com\/index.php?rest_route=%2Fwp%2Fv2%2Fcomments&post=11155"}],"version-history":[{"count":6,"href":"https:\/\/ecocopro.com\/index.php?rest_route=\/wp\/v2\/posts\/11155\/revisions"}],"predecessor-version":[{"id":11165,"href":"https:\/\/ecocopro.com\/index.php?rest_route=\/wp\/v2\/posts\/11155\/revisions\/11165"}],"wp:attachment":[{"href":"https:\/\/ecocopro.com\/index.php?rest_route=%2Fwp%2Fv2%2Fmedia&parent=11155"}],"wp:term":[{"taxonomy":"category","embeddable":true,"href":"https:\/\/ecocopro.com\/index.php?rest_route=%2Fwp%2Fv2%2Fcategories&post=11155"},{"taxonomy":"post_tag","embeddable":true,"href":"https:\/\/ecocopro.com\/index.php?rest_route=%2Fwp%2Fv2%2Ftags&post=11155"}],"curies":[{"name":"wp","href":"https:\/\/api.w.org\/{rel}","templated":true}]}}