{"id":11466,"date":"2016-03-04T13:40:01","date_gmt":"2016-03-04T12:40:01","guid":{"rendered":"http:\/\/ecocopro.com\/?p=11466"},"modified":"2016-03-04T13:40:01","modified_gmt":"2016-03-04T12:40:01","slug":"accroissement-inexorable-des-batiments-verts","status":"publish","type":"post","link":"https:\/\/ecocopro.com\/?p=11466","title":{"rendered":"ACCROISSEMENT INEXORABLE DES \u00ab\u00a0BATIMENTS VERTS\u00a0\u00bb"},"content":{"rendered":"<p>&nbsp;<\/p>\n<p><a href=\"http:\/\/ecocopro.com\/wp-content\/uploads\/2016\/03\/th.jpg\"><img decoding=\"async\" loading=\"lazy\" class=\"size-thumbnail wp-image-11467 aligncenter\" src=\"http:\/\/ecocopro.com\/wp-content\/uploads\/2016\/03\/th-150x150.jpg\" alt=\"th\" width=\"150\" height=\"150\" srcset=\"https:\/\/ecocopro.com\/wp-content\/uploads\/2016\/03\/th-150x150.jpg 150w, https:\/\/ecocopro.com\/wp-content\/uploads\/2016\/03\/th.jpg 299w\" sizes=\"(max-width: 150px) 100vw, 150px\" \/><\/a><\/p>\n<p>Le site \u00ab\u00a0CONSTRUCTION 21\u00a0\u00bb explique la mont\u00e9e en r\u00e9gime des b\u00e2timents \u00ab\u00a0verts\u00a0\u00bb dans le monde de la mani\u00e8re suivante:<\/p>\n<p>le nombre global de b\u00e2timents dits \u00ab verts \u00bb (d\u00e9tenteurs d\u2019une certification LEED, BREEAM ou GreenStar) va doubler d\u2019ici 2018. Cette croissance sera surtout port\u00e9e par les pays en voie de d\u00e9veloppement (notamment le Br\u00e9sil, la Chine et l\u2019Arabie Saoudite). Cela confirme la tendance, d\u00e9j\u00e0 observ\u00e9e lors d\u2019une \u00e9tude en 2012, selon laquelle le nombre global de b\u00e2timents verts double tous les trois ans ;<\/p>\n<p>&nbsp;<\/p>\n<p><a href=\"http:\/\/ecocopro.com\/wp-content\/uploads\/2014\/04\/copro-ex.jpg\"><img decoding=\"async\" loading=\"lazy\" class=\"size-thumbnail wp-image-10905 aligncenter\" src=\"http:\/\/ecocopro.com\/wp-content\/uploads\/2014\/04\/copro-ex-150x145.jpg\" alt=\"copro ex\" width=\"150\" height=\"145\" \/><\/a><\/p>\n<p>&nbsp;<\/p>\n<p>les propri\u00e9taires voient une augmentation m\u00e9diane de 7 % dans la valeur de leur b\u00e2timent vert par rapport \u00e0 un b\u00e2timent traditionnel, un chiffre qui recoupe les r\u00e9sultats d\u2019une enqu\u00eate Dinamic publi\u00e9e r\u00e9cemment sur la valeur verte des b\u00e2timents ;<br \/>\nle principal avantage des b\u00e2timents verts est leur co\u00fbt op\u00e9rationnel moindre. De fa\u00e7on semblable, la premi\u00e8re raison justifiant la construction verte est la r\u00e9duction de la consommation d\u2019\u00e9nergie (une des deux premi\u00e8res raisons pour 66 % des sond\u00e9s). Elle est suivie par la protection des ressources naturelles (37 %), puis la r\u00e9duction de la consommation d\u2019eau (31 %) ;<br \/>\nle fer de lance de la croissance des b\u00e2timents verts est le secteur de la construction commerciale, avec plus de 46 % des sond\u00e9s qui comptent r\u00e9aliser un projet commercial impliquant les b\u00e2timents verts dans les trois ans \u00e0 venir<\/p>\n<p><a href=\"http:\/\/ecocopro.com\/wp-content\/uploads\/2015\/07\/images2.jpg\"><img decoding=\"async\" loading=\"lazy\" class=\"size-thumbnail wp-image-11344 aligncenter\" src=\"http:\/\/ecocopro.com\/wp-content\/uploads\/2015\/07\/images2-150x150.jpg\" alt=\"images\" width=\"150\" height=\"150\" \/><\/a><\/p>\n<p>La valeur verte d\u00e9signe l\u2019augmentation de la valeur d\u2019un logement engendr\u00e9e par une meilleure performance \u00e9nerg\u00e9tique.<\/p>\n<p>L\u2019association Dinamic a conduit plusieurs \u00e9tudes sur l\u2019impact de la valeur verte des logements : la premi\u00e8re, r\u00e9alis\u00e9e en 2013, avait permis de conclure \u00e0 un effet significatif du DPE (Diagnostic de Performance Energ\u00e9tique, obligatoire depuis 2006) sur le prix des maisons \u00ab en bon \u00e9tat \u00bb.<\/p>\n<p>La seconde, conduite en 2015, permet d\u00e9sormais de chiffrer cet impact : le prix du bien augmente en moyenne de 5 % quand le DPE monte d\u2019un pallier ; un constat qui est plus att\u00e9nu\u00e9 en Ile-de-France. L\u2019\u00e9tiquette \u00e9nergie semble influencer plus fortement les prix que l\u2019\u00e9tiquette climat, et cette corr\u00e9lation est plus marqu\u00e9e sur l\u2019individuel que sur le collectif. En maisons, en moyenne, les biens d\u2019\u00e9tiquette \u00e9nergie A ou B se vendent presque deux fois le prix de biens aux \u00e9tiquettes F ou G.<\/p>\n","protected":false},"excerpt":{"rendered":"<p>&nbsp; Le site \u00ab\u00a0CONSTRUCTION 21\u00a0\u00bb explique la mont\u00e9e en r\u00e9gime des b\u00e2timents \u00ab\u00a0verts\u00a0\u00bb dans le monde de la mani\u00e8re suivante: le nombre global de b\u00e2timents dits \u00ab verts \u00bb (d\u00e9tenteurs d\u2019une certification LEED, BREEAM ou GreenStar) va doubler d\u2019ici 2018. Cette croissance sera surtout port\u00e9e par les pays en voie de d\u00e9veloppement (notamment le Br\u00e9sil, [&hellip;]<\/p>\n","protected":false},"author":2,"featured_media":0,"comment_status":"closed","ping_status":"closed","sticky":false,"template":"","format":"standard","meta":[],"categories":[23,11,4],"tags":[155,140,19,141],"_links":{"self":[{"href":"https:\/\/ecocopro.com\/index.php?rest_route=\/wp\/v2\/posts\/11466"}],"collection":[{"href":"https:\/\/ecocopro.com\/index.php?rest_route=\/wp\/v2\/posts"}],"about":[{"href":"https:\/\/ecocopro.com\/index.php?rest_route=\/wp\/v2\/types\/post"}],"author":[{"embeddable":true,"href":"https:\/\/ecocopro.com\/index.php?rest_route=\/wp\/v2\/users\/2"}],"replies":[{"embeddable":true,"href":"https:\/\/ecocopro.com\/index.php?rest_route=%2Fwp%2Fv2%2Fcomments&post=11466"}],"version-history":[{"count":1,"href":"https:\/\/ecocopro.com\/index.php?rest_route=\/wp\/v2\/posts\/11466\/revisions"}],"predecessor-version":[{"id":11468,"href":"https:\/\/ecocopro.com\/index.php?rest_route=\/wp\/v2\/posts\/11466\/revisions\/11468"}],"wp:attachment":[{"href":"https:\/\/ecocopro.com\/index.php?rest_route=%2Fwp%2Fv2%2Fmedia&parent=11466"}],"wp:term":[{"taxonomy":"category","embeddable":true,"href":"https:\/\/ecocopro.com\/index.php?rest_route=%2Fwp%2Fv2%2Fcategories&post=11466"},{"taxonomy":"post_tag","embeddable":true,"href":"https:\/\/ecocopro.com\/index.php?rest_route=%2Fwp%2Fv2%2Ftags&post=11466"}],"curies":[{"name":"wp","href":"https:\/\/api.w.org\/{rel}","templated":true}]}}