{"id":2226,"date":"2009-11-29T11:11:05","date_gmt":"2009-11-29T10:11:05","guid":{"rendered":"http:\/\/www.ecocopro.com\/?p=2226"},"modified":"2012-07-13T16:37:47","modified_gmt":"2012-07-13T15:37:47","slug":"la-loi-grenelle-1-adoptee-le-23-juillet-2009","status":"publish","type":"post","link":"https:\/\/ecocopro.com\/?p=2226","title":{"rendered":"La loi Grenelle 1 adopt\u00e9e le 23 Juillet 2009"},"content":{"rendered":"<p><strong>\u00a0<\/strong><\/p>\n<p style=\"text-align: center;\"><img decoding=\"async\" loading=\"lazy\" class=\"aligncenter\" src=\"http:\/\/www.diagnostiqueur-immobilier.fr\/extra\/actu\/Grenelle_de_l_environnement2.jpg\" alt=\"\" width=\"372\" height=\"279\" \/><\/p>\n<p style=\"text-align: justify;\"><span style=\"color: #000000;\">Cette loi met en \u0153uvre les engagements du Grenelle de l&rsquo;Environnement qui s&rsquo;\u00e9tait tenu en 2007 dans le souci de pr\u00e9server l&rsquo;environnement et le climat.<\/span><\/p>\n<p style=\"text-align: justify;\"><span style=\"color: #008000;\">\u00a0<\/span>Il s&rsquo;agit d&rsquo;une loi g\u00e9n\u00e9rale appel\u00e9e \u00ab\u00a0loi cadre\u00bb.<\/p>\n<p style=\"text-align: justify;\">\u00a0Voici en r\u00e9sum\u00e9 ce que dit la nouvelle loi.\u00a0\u00a0<\/p>\n<ul>\n<li>\n<div style=\"text-align: justify;\">L&rsquo;Etat se fixe comme objectif de r\u00e9duire les consommations d&rsquo;\u00e9nergie des b\u00e2timents existants d&rsquo;au moins 38% d&rsquo;ici \u00e0 2020.\u00a0\u00a0<\/div>\n<\/li>\n<li>Tous les b\u00e2timents de l&rsquo;Etat et les \u00e9tablissements publics seront soumis \u00e0 un audit d&rsquo;ici 2010. Puis leur r\u00e9novation sera engag\u00e9e \u00e0 partir de 2012 pour r\u00e9duire d&rsquo;au moins 40% les consommations d&rsquo;\u00e9nergie et d&rsquo;au moins 50% les \u00e9missions de gaz \u00e0 effet de serre dans un d\u00e9lai de 8 ans.\u00a0<\/li>\n<li>\n<div style=\"text-align: justify;\">L&rsquo;Etat incitera les collectivit\u00e9s territoriales \u00e0 engager un programme de r\u00e9novation de leurs b\u00e2timents en mati\u00e8re d&rsquo;\u00e9conomies d&rsquo;\u00e9nergie.800.000 logements sociaux dont la consommation d&rsquo;\u00e9nergie est sup\u00e9rieure \u00e0 234 KWH\/m2\/an feront l&rsquo;objet de travaux avant 2020 pour ramener les consommations annuelles \u00e0 moins de 150 KWH\/m2\/an.\u00a0<\/div>\n<\/li>\n<li>\n<div style=\"text-align: justify;\">L&rsquo;Etat devra encourager des accords avec le secteur des banques et des assurances pour mettre en place les pr\u00eats aux particuliers pour les travaux d&rsquo;\u00e9conomies d&rsquo;\u00e9nergie.\u00a0<\/div>\n<\/li>\n<li>\n<div style=\"text-align: justify;\">L&rsquo;Etat encouragera la simplification et l&rsquo;am\u00e9nagement des contrats de performance \u00e9nerg\u00e9tique pour faciliter leur diffusion notamment dans les copropri\u00e9t\u00e9s et ce, dans les secteurs r\u00e9sidentiels, tertiaires et industriels.\u00a0<\/div>\n<\/li>\n<li>\n<div style=\"text-align: justify;\">L&rsquo;Etat incitera le secteur des assurances \u00e0 d\u00e9velopper une offre de produits visant \u00e0 garantir le bon r\u00e9sultat des travaux d&rsquo;am\u00e9lioration \u00e9nerg\u00e9tique des b\u00e2timents r\u00e9sidentiels.<\/div>\n<\/li>\n<\/ul>\n<p>\u00a0Il est donn\u00e9 une d\u00e9finition par l&rsquo;article 29 des <span style=\"color: #ff0000;\">s<\/span><span style=\"color: #ff0000;\"><span style=\"color: #ff0000;\">ources d<\/span>&lsquo;\u00e9nergie renouvelables\u00a0 <span style=\"color: #000000;\">q<\/span><\/span><span style=\"color: #000000;\">ui<\/span> sont\u00a0:<\/p>\n<ul>\n<li>\u00a0l&rsquo;\u00e9nergie \u00e9olienne<\/li>\n<li>l&rsquo;\u00e9nergie solaire<\/li>\n<li>l&rsquo;\u00e9nergie g\u00e9othermique<\/li>\n<li>l&rsquo;\u00e9nergie a\u00e9rothermique<\/li>\n<li>l&rsquo;\u00e9nergie hydrothermique<\/li>\n<li>l&rsquo;\u00e9nergie marine et hydraulique<\/li>\n<li>l&rsquo;\u00e9nergie issue de la biomasse<\/li>\n<li>l&rsquo;\u00e9nergie issue du gaz de d\u00e9charge<\/li>\n<li>l&rsquo;\u00e9nergie issue du gaz de stations d&rsquo;\u00e9puration d&rsquo;eaux us\u00e9es et du biogaz<\/li>\n<\/ul>\n<p style=\"text-align: justify;\">\u00a0<span style=\"color: #ff0000;\">La biomasse <span style=\"color: #000000;\">e<\/span><\/span><span style=\"color: #000000;\">st a<\/span>insi d\u00e9finie\u00a0: \u00ab\u00a0fraction biod\u00e9gradable des produits, d\u00e9chets et r\u00e9sidus provenant de l&rsquo;agriculture, y compris les substances v\u00e9g\u00e9tales et animales issues de la terre et de la mer, de la sylviculture et des industries connexes ainsi que la fraction biod\u00e9gradable des d\u00e9chets industriels et m\u00e9nagers\u00a0\u00bb.<\/p>\n<p style=\"text-align: center;\"><a href=\"http:\/\/images.google.fr\/imgres?imgurl=http:\/\/energie-planete.com\/image\/biomasse-entete.jpg&amp;imgrefurl=http:\/\/energie-planete.com\/biomasse.html&amp;usg=__VaRaqsEze16S-FN7sjbVE8992P4=&amp;h=478&amp;w=371&amp;sz=50&amp;hl=fr&amp;start=11&amp;um=1&amp;tbnid=mZUEk_G3pJbJJM:&amp;tbnh=129&amp;tbnw=100&amp;prev=\/images%3Fq%3Dbiomasse%2Benergie%26hl%3Dfr%26sa%3DN%26um%3D1\"><img decoding=\"async\" loading=\"lazy\" class=\"aligncenter\" style=\"border: 1px solid;\" src=\"http:\/\/tbn0.google.com\/images?q=tbn:mZUEk_G3pJbJJM:http:\/\/energie-planete.com\/image\/biomasse-entete.jpg\" alt=\"\" width=\"100\" height=\"129\" \/><\/a><\/p>\n<p style=\"text-align: justify;\">\u00a0L&rsquo;Etat se donne comme objectif d&rsquo;augmenter de 20 millions de <span style=\"color: #ff0000;\">t<\/span><span style=\"color: #ff0000;\"><span style=\"color: #ff0000;\">onnes \u00e9<\/span>quivalents p\u00e9trole \u00ab<\/span>\u00a0TEP\u00a0<span style=\"color: #ff0000;\">\u00bb<\/span><span style=\"color: #ff0000;\">\u00a0<\/span> la production d&rsquo;\u00e9nergie renouvelable d&rsquo;ici \u00e0 2020 en portant celle-ci \u00e0 37 millions de TEP.<\/p>\n<p style=\"text-align: justify;\">Dans chaque r\u00e9gion un sch\u00e9ma r\u00e9gional des \u00e9nergies renouvelables d\u00e9finira le potentiel \u00e9nerg\u00e9tique renouvelable du territoire.<\/p>\n<p style=\"text-align: justify;\">\u00a0Un r\u00e9seau de chaleur aliment\u00e9 \u00e0 plus de 50% \u00e0 partir d&rsquo;\u00e9nergie renouvelable et r\u00e9cup\u00e9ration est consid\u00e9r\u00e9 comme un \u00e9quipement de production d&rsquo;\u00e9nergie renouvelable.<\/p>\n<p style=\"text-align: justify;\">\u00a0La production d&rsquo;ordures m\u00e9nag\u00e8res doit \u00eatre r\u00e9duite de 7% par habitant pendant les 5 prochaines ann\u00e9es et d&rsquo;ici \u00e0 2012 la pollution devra diminuer de 15% en mati\u00e8re d&rsquo;incin\u00e9ration de stockage des d\u00e9chets.<\/p>\n<p style=\"text-align: justify;\">\u00a0Enfin, la loi pr\u00e9voit un ensemble de dispositifs contraignants en mati\u00e8re de transports, de recherche dans le domaine du d\u00e9veloppement durable, dans la qualit\u00e9 \u00e9cologique de l&rsquo;eau ainsi qu&rsquo;en pr\u00e9vention des risques pour l&rsquo;environnement et la sant\u00e9 etc&#8230;<\/p>\n<p style=\"text-align: justify;\">(voir notre autre article sur la Loi\u00a0Grenelle 2)<\/p>\n","protected":false},"excerpt":{"rendered":"<p>\u00a0 Cette loi met en \u0153uvre les engagements du Grenelle de l&rsquo;Environnement qui s&rsquo;\u00e9tait tenu en 2007 dans le souci de pr\u00e9server l&rsquo;environnement et le climat. \u00a0Il s&rsquo;agit d&rsquo;une loi g\u00e9n\u00e9rale appel\u00e9e \u00ab\u00a0loi cadre\u00bb. \u00a0Voici en r\u00e9sum\u00e9 ce que dit la nouvelle loi.\u00a0\u00a0 L&rsquo;Etat se fixe comme objectif de r\u00e9duire les consommations d&rsquo;\u00e9nergie des b\u00e2timents [&hellip;]<\/p>\n","protected":false},"author":2,"featured_media":0,"comment_status":"open","ping_status":"open","sticky":false,"template":"","format":"standard","meta":[],"categories":[],"tags":[],"_links":{"self":[{"href":"https:\/\/ecocopro.com\/index.php?rest_route=\/wp\/v2\/posts\/2226"}],"collection":[{"href":"https:\/\/ecocopro.com\/index.php?rest_route=\/wp\/v2\/posts"}],"about":[{"href":"https:\/\/ecocopro.com\/index.php?rest_route=\/wp\/v2\/types\/post"}],"author":[{"embeddable":true,"href":"https:\/\/ecocopro.com\/index.php?rest_route=\/wp\/v2\/users\/2"}],"replies":[{"embeddable":true,"href":"https:\/\/ecocopro.com\/index.php?rest_route=%2Fwp%2Fv2%2Fcomments&post=2226"}],"version-history":[{"count":9,"href":"https:\/\/ecocopro.com\/index.php?rest_route=\/wp\/v2\/posts\/2226\/revisions"}],"predecessor-version":[{"id":2847,"href":"https:\/\/ecocopro.com\/index.php?rest_route=\/wp\/v2\/posts\/2226\/revisions\/2847"}],"wp:attachment":[{"href":"https:\/\/ecocopro.com\/index.php?rest_route=%2Fwp%2Fv2%2Fmedia&parent=2226"}],"wp:term":[{"taxonomy":"category","embeddable":true,"href":"https:\/\/ecocopro.com\/index.php?rest_route=%2Fwp%2Fv2%2Fcategories&post=2226"},{"taxonomy":"post_tag","embeddable":true,"href":"https:\/\/ecocopro.com\/index.php?rest_route=%2Fwp%2Fv2%2Ftags&post=2226"}],"curies":[{"name":"wp","href":"https:\/\/api.w.org\/{rel}","templated":true}]}}