{"id":3314,"date":"2011-03-01T13:00:55","date_gmt":"2011-03-01T12:00:55","guid":{"rendered":"http:\/\/www.ecocopro.com\/?p=3314"},"modified":"2012-07-02T16:42:46","modified_gmt":"2012-07-02T15:42:46","slug":"interview-de-herve-kempf-journaliste-au-quotidien-le-monde-auteur-de-%c2%ab-pour-sauver-la-planete-sortez-du-capitalisme-%c2%bb-seuil-prix-du-livre-environnement-2009","status":"publish","type":"post","link":"https:\/\/ecocopro.com\/?p=3314","title":{"rendered":"HERVE KEMPF, journaliste au journal \u00ab\u00a0LE MONDE\u00a0\u00bb, rubrique\u00a0\u00bbenvironnement\u00a0\u00bb"},"content":{"rendered":"<p style=\"text-align: justify;\">\u00a0HERVE KEMPF est un grand sp\u00e9cialiste des questions environnementales ; il publie r\u00e9guli\u00e8rement des articles pour la page \u00ab\u00a0plan\u00e8te\u00a0\u00bb du journal LE MONDE .<\/p>\n<p style=\"text-align: justify;\">Il est \u00e9galement l&rsquo;auteur d&rsquo;ouvrages parfois pol\u00e9miques sur le d\u00e9veloppement durable.<\/p>\n<p style=\"text-align: justify;\">Il donne ci-apr\u00e8s ses impressions sur le dernier sommet de Copenhague.<\/p>\n<p style=\"text-align: justify;\"><strong><img decoding=\"async\" loading=\"lazy\" class=\"aligncenter size-medium wp-image-3321\" title=\"sommet-de-copenhague_940x705\" src=\"http:\/\/www.ecocopro.com\/wp-content\/uploads\/2010\/01\/sommet-de-copenhague_940x705-250x187.jpg\" alt=\"sommet-de-copenhague_940x705\" width=\"250\" height=\"187\" \/><\/strong><\/p>\n<p style=\"text-align: justify;\"><span style=\"color: #ff0000;\">\u00a01. Vous avez suivi le\u00a0 sommet de Copenhague : un \u00e9chec ou un demi-succ\u00e8s ?<\/span><\/p>\n<p style=\"text-align: justify;\">J\u2019ai r\u00e9pondu en d\u00e9tail \u00e0 cette question dans un article du <em>Monde\u00a0<\/em>: \u00ab\u00a0L\u2019Europe a d\u00e9missionn\u00e9 de la conf\u00e9rence de Copenhague\u00a0\u00bb, paru le 23 d\u00e9cembre 2010.\u00a0Excellent journal, que je ne saurais trop vous inciter \u00e0 lire.<\/p>\n<p>\u00a0<a href=\"http:\/\/www.reporterre.net\/\/spip.php?article809\">http:\/\/www.reporterre.net\/\/spip.php?article809<\/a><\/p>\n<p style=\"text-align: justify;\">\u00a0<span style=\"color: #ff0000;\">2. A-t-on parl\u00e9 \u00e0 Copenhague de l&rsquo;immobilier, source de 42% des \u00e9missions de gaz \u00e0 effet de serre ?<\/span><\/p>\n<p style=\"text-align: justify;\">Non, quasiment pas. Plus g\u00e9n\u00e9ralement, la question des \u00e9conomies d\u2019\u00e9nergie est tr\u00e8s mal prise en compte dans ces discussions, qui sont obs\u00e9d\u00e9es par \u00ab\u00a0la croissance verte\u00a0\u00bb et les \u00ab\u00a0nouvelles technologies\u00a0\u00bb. Mais le pr\u00e9alable pour r\u00e9duire les \u00e9missions de gaz \u00e0 effet de serre est d\u2019\u00e9conomiser l\u2019\u00e9nergie, et l\u2019habitat joue ici un r\u00f4le crucial.<\/p>\n<p style=\"text-align: justify;\"><span style=\"color: #ff0000;\">\u00a03. Faut-il repenser l&rsquo;urbanisme eu luttant contre l&rsquo;\u00e9talement urbain, source d&rsquo;\u00e9loignement du travail, donc pollueur par les transports au surplus stressants ? Ce qui supposerait que l&rsquo;on se mette \u00e0 construire des immeubles de grande hauteur ?<\/span><\/p>\n<p style=\"text-align: justify;\">Oui, vous avez tout \u00e0 fait raison de poser la question des \u00e9conomies d\u2019\u00e9nergie dans l\u2019habitat non seulement en fonction d\u2019am\u00e9liorations techniques, \u00e9videmment indispensables, mais aussi d\u2019organisation de l\u2019espace habit\u00e9. De ce point de vue, l\u2019urbanisme est une cl\u00e9 essentielle pour r\u00e9duire nos consommations. En revanche, je ne sais pas si cela implique des immeubles de grande hauteur\u00a0: j\u2019ai lu des arguments tr\u00e8s contradictoires \u00e0 ce propos, et je ne suis pas assez inform\u00e9 pour avoir un avis raisonn\u00e9.<\/p>\n<p style=\"text-align: justify;\"><span style=\"color: #ff0000;\">\u00a04. Nous avons en France 8 millions de logements en copropri\u00e9t\u00e9, soit environ 25 \u00e0 30 millions de personnes concern\u00e9es. Quel message leur transmettre pour lutter contre le r\u00e9chauffement climatique car ils vivent dans des appartements parfois de v\u00e9ritables \u00ab\u00a0passoires \u00e9nerg\u00e9tiques\u00a0\u00bb s&rsquo;ils sont anciens ?<\/span><\/p>\n<p style=\"text-align: justify;\">Le message\u00a0: faites des \u00e9conomies d\u2019\u00e9nergie ! La question est\u00a0: qui paye ces travaux, dont le b\u00e9n\u00e9fice n\u2019appara\u00eet qu\u2019apr\u00e8s quelques ann\u00e9es\u00a0? Le locataire, le propri\u00e9taire, avec quelle aide fiscale\u00a0? Je dirai\u00a0: que les copropri\u00e9taires soient des citoyens, et fassent pression politique pour qu\u2019on investisse dans les \u00e9conomies d\u2019\u00e9nergie, plut\u00f4t que dans des dispositifs \u2013 centrales nucl\u00e9aires, \u00e9oliennes \u2013 qui co\u00fbtent tr\u00e8s cher pour un int\u00e9r\u00eat \u00e9cologique limit\u00e9.<\/p>\n<p style=\"text-align: justify;\"><span style=\"color: #ff0000;\">\u00a05. Les normes environnementales des b\u00e2timents du style H.Q.E. (Haute Qualit\u00e9 Environnementale) ne sont-elles pas d\u00e9pass\u00e9es car le traitement du b\u00e2timent en soi ne peut \u00eatre dissoci\u00e9 du territoire dans lequel il est situ\u00e9 ni du \u00ab\u00a0soci\u00e9tal\u00a0\u00bb?<\/span><\/p>\n<p style=\"text-align: justify;\">J\u2019ai entendu dire que la norme HQE est tr\u00e8s d\u00e9pass\u00e9e. Mais honn\u00eatement, je suis beaucoup moins comp\u00e9tent que vous sur le sujet, alors je ne peux avoir d\u2019opinion sans avoir enqu\u00eat\u00e9. Un ami tr\u00e8s comp\u00e9tent, lui, m\u2019a appris qu\u2019en Su\u00e8de, il y a \u00e9norm\u00e9ment de dispositifs dans l\u2019habitat qui conduisent \u00e0 de tr\u00e8s bonnes performances \u00e9nerg\u00e9tiques. Peut-\u00eatre pourrait-on aller s\u2019informer l\u00e0-bas\u00a0?<\/p>\n","protected":false},"excerpt":{"rendered":"<p>\u00a0HERVE KEMPF est un grand sp\u00e9cialiste des questions environnementales ; il publie r\u00e9guli\u00e8rement des articles pour la page \u00ab\u00a0plan\u00e8te\u00a0\u00bb du journal LE MONDE . Il est \u00e9galement l&rsquo;auteur d&rsquo;ouvrages parfois pol\u00e9miques sur le d\u00e9veloppement durable. Il donne ci-apr\u00e8s ses impressions sur le dernier sommet de Copenhague. \u00a01. Vous avez suivi le\u00a0 sommet de Copenhague : [&hellip;]<\/p>\n","protected":false},"author":2,"featured_media":0,"comment_status":"open","ping_status":"open","sticky":false,"template":"","format":"standard","meta":[],"categories":[],"tags":[],"_links":{"self":[{"href":"https:\/\/ecocopro.com\/index.php?rest_route=\/wp\/v2\/posts\/3314"}],"collection":[{"href":"https:\/\/ecocopro.com\/index.php?rest_route=\/wp\/v2\/posts"}],"about":[{"href":"https:\/\/ecocopro.com\/index.php?rest_route=\/wp\/v2\/types\/post"}],"author":[{"embeddable":true,"href":"https:\/\/ecocopro.com\/index.php?rest_route=\/wp\/v2\/users\/2"}],"replies":[{"embeddable":true,"href":"https:\/\/ecocopro.com\/index.php?rest_route=%2Fwp%2Fv2%2Fcomments&post=3314"}],"version-history":[{"count":21,"href":"https:\/\/ecocopro.com\/index.php?rest_route=\/wp\/v2\/posts\/3314\/revisions"}],"predecessor-version":[{"id":9122,"href":"https:\/\/ecocopro.com\/index.php?rest_route=\/wp\/v2\/posts\/3314\/revisions\/9122"}],"wp:attachment":[{"href":"https:\/\/ecocopro.com\/index.php?rest_route=%2Fwp%2Fv2%2Fmedia&parent=3314"}],"wp:term":[{"taxonomy":"category","embeddable":true,"href":"https:\/\/ecocopro.com\/index.php?rest_route=%2Fwp%2Fv2%2Fcategories&post=3314"},{"taxonomy":"post_tag","embeddable":true,"href":"https:\/\/ecocopro.com\/index.php?rest_route=%2Fwp%2Fv2%2Ftags&post=3314"}],"curies":[{"name":"wp","href":"https:\/\/api.w.org\/{rel}","templated":true}]}}