{"id":4526,"date":"2011-04-22T19:18:25","date_gmt":"2011-04-22T18:18:25","guid":{"rendered":"http:\/\/www.ecocopro.com\/?p=4526"},"modified":"2011-05-11T09:33:48","modified_gmt":"2011-05-11T08:33:48","slug":"vancouver-un-modele-de-ville-environnementale","status":"publish","type":"post","link":"https:\/\/ecocopro.com\/?p=4526","title":{"rendered":"VANCOUVER un mod\u00e8le de ville environnementale"},"content":{"rendered":"<p style=\"text-align: justify;\">\u00a0<\/p>\n<p style=\"text-align: justify;\"><a href=\"http:\/\/www.ecocopro.com\/wp-content\/uploads\/2010\/04\/Vancouver_Aerial.jpg\"><img decoding=\"async\" loading=\"lazy\" class=\"aligncenter size-medium wp-image-4666\" title=\"Vancouver_Aerial\" src=\"http:\/\/www.ecocopro.com\/wp-content\/uploads\/2010\/04\/Vancouver_Aerial-250x165.jpg\" alt=\"\" width=\"250\" height=\"165\" \/><\/a><\/p>\n<p style=\"text-align: justify;\">La municipalit\u00e9 de VANCOUVER est tellement tourn\u00e9e vers le d\u00e9veloppement durable que sa politique est devenue connue dans le monde entier sous le nom de <span style=\"color: #ff0000;\">vancouverisme.\u00a0<\/span><\/p>\n<p style=\"text-align: justify;\">Il s\u2019agit de toute une philosophie fond\u00e9e sur les \u00e9conomies d\u2019\u00e9nergie dans les transports, les b\u00e2timents mais \u00e9galement la cr\u00e9ation d\u2019espaces verts, le recyclage des eaux us\u00e9es et l\u2019utilisation massive du bois.<\/p>\n<p style=\"text-align: justify;\">\u00a0Les efforts sont certains puisque d\u2019apr\u00e8s le Los Angeles Times, VANCOUVER est parvenu \u00e0 abaisser ses \u00e9missions de CO2 par habitant au niveau le plus faible de toute l\u2019Am\u00e9rique du Nord alors que sa population du centre ville a plus que doubl\u00e9.\u00a0<\/p>\n<p style=\"text-align: justify;\">Le centre ville a presqu\u2019enti\u00e8rement \u00e9t\u00e9 r\u00e9serv\u00e9 aux bus, aux v\u00e9los et aux pi\u00e9tons.\u00a0<\/p>\n<p style=\"text-align: justify;\">Dans les permis de construire les promoteurs sont oblig\u00e9s d\u2019am\u00e9nager des parcs, des centres de loisirs, des biblioth\u00e8ques, des cr\u00e8ches et des promenades en front de mer si bien qu\u2019au-del\u00e0 de l\u2019am\u00e9nagement urbain c\u2019est tout un aspect socio \u00e9conomique qui a \u00e9t\u00e9 repens\u00e9 et qui fait venir les plus grands experts en environnement de la plan\u00e8te.<\/p>\n<p><span style=\"color: #ff0000;\">\u00a0Le revers de la m\u00e9daille\u00a0:<\/span>\u00a0<\/p>\n<p style=\"text-align: justify;\">les prix du centre ville sont devenus inabordables en raison de la r\u00e9novation \u00e9cologique du quartier.\u00a0<\/p>\n<p style=\"text-align: justify;\">Or, le Vancouv\u00e9risme se voulait un id\u00e9al social c&rsquo;est-\u00e0-dire qu\u2019il fallait aboutir \u00e0 une mixit\u00e9 sociale qui n\u2019existe pas puisque les promoteurs se battent pour construire aux meilleures normes en vue d\u2019offrir des appartements les plus environnementaux possible.<\/p>\n<p style=\"text-align: justify;\">\u00a0Le centre ville est donc pris d\u2019assaut et le r\u00e9seau de bus peut devenir tr\u00e8s vite insuffisant.<\/p>\n<p style=\"text-align: justify;\">Comme le rapporte le Los Angeles Times <strong>\u00ab\u00a0on s&rsquo;est servi de l\u2019\u00e9cologie et du d\u00e9veloppement durable pour justifier un accroissement exag\u00e9r\u00e9 de la densit\u00e9. Mais le co\u00fbt \u00e9cologique a \u00e9t\u00e9 n\u00e9glig\u00e9\u2026\u00a0\u00bb<\/strong>\u00a0<\/p>\n<p style=\"text-align: justify;\">D\u00e9cid\u00e9ment pour obtenir un mod\u00e8le social \u00e9conomique\u00a0et\u00a0environnemental aux normes du d\u00e9veloppement durable\u00a0il ne suffit pas de faire baisser les \u00e9missions de CO2\u2026<\/p>\n","protected":false},"excerpt":{"rendered":"<p>Le \u00ab\u00a0Vancouverisme\u00a0\u00bb,nouvelle philosophie urbaine<\/p>\n<p>Une ville exceptionnelle tr\u00e8s environnementale<\/p>\n<p>le revers de la m\u00e9daille<\/p>\n","protected":false},"author":2,"featured_media":0,"comment_status":"open","ping_status":"open","sticky":false,"template":"","format":"standard","meta":[],"categories":[],"tags":[],"_links":{"self":[{"href":"https:\/\/ecocopro.com\/index.php?rest_route=\/wp\/v2\/posts\/4526"}],"collection":[{"href":"https:\/\/ecocopro.com\/index.php?rest_route=\/wp\/v2\/posts"}],"about":[{"href":"https:\/\/ecocopro.com\/index.php?rest_route=\/wp\/v2\/types\/post"}],"author":[{"embeddable":true,"href":"https:\/\/ecocopro.com\/index.php?rest_route=\/wp\/v2\/users\/2"}],"replies":[{"embeddable":true,"href":"https:\/\/ecocopro.com\/index.php?rest_route=%2Fwp%2Fv2%2Fcomments&post=4526"}],"version-history":[{"count":13,"href":"https:\/\/ecocopro.com\/index.php?rest_route=\/wp\/v2\/posts\/4526\/revisions"}],"predecessor-version":[{"id":6732,"href":"https:\/\/ecocopro.com\/index.php?rest_route=\/wp\/v2\/posts\/4526\/revisions\/6732"}],"wp:attachment":[{"href":"https:\/\/ecocopro.com\/index.php?rest_route=%2Fwp%2Fv2%2Fmedia&parent=4526"}],"wp:term":[{"taxonomy":"category","embeddable":true,"href":"https:\/\/ecocopro.com\/index.php?rest_route=%2Fwp%2Fv2%2Fcategories&post=4526"},{"taxonomy":"post_tag","embeddable":true,"href":"https:\/\/ecocopro.com\/index.php?rest_route=%2Fwp%2Fv2%2Ftags&post=4526"}],"curies":[{"name":"wp","href":"https:\/\/api.w.org\/{rel}","templated":true}]}}