{"id":4678,"date":"2011-05-26T09:50:21","date_gmt":"2011-05-26T08:50:21","guid":{"rendered":"http:\/\/www.ecocopro.com\/?p=4678"},"modified":"2011-06-09T11:55:33","modified_gmt":"2011-06-09T10:55:33","slug":"le-recyclage-des-dechets-des-batiments-demolis","status":"publish","type":"post","link":"https:\/\/ecocopro.com\/?p=4678","title":{"rendered":"Le recyclage des d\u00e9chets des b\u00e2timents d\u00e9molis"},"content":{"rendered":"<p style=\"text-align: justify;\"><a href=\"http:\/\/www.ecocopro.com\/wp-content\/uploads\/2010\/04\/destruction2.jpg\"><img decoding=\"async\" loading=\"lazy\" class=\"aligncenter size-large wp-image-4744\" title=\"destruction\" src=\"http:\/\/www.ecocopro.com\/wp-content\/uploads\/2010\/04\/destruction2-800x600.jpg\" alt=\"\" width=\"448\" height=\"336\" \/><\/a>\u00a0<\/p>\n<p style=\"text-align: center;\">.\u00a0\u00a0<\/p>\n<p style=\"text-align: justify;\">Les d\u00e9chets issus de la d\u00e9molition s\u2019\u00e9l\u00e8vent \u00e0 31 millions de tonnes.\u00a0\u00a0<\/p>\n<p style=\"text-align: justify;\">97% de ces d\u00e9chets sont utilis\u00e9s en remblaiement ou pour la r\u00e9alisation des routes.\u00a0\u00a0<\/p>\n<p style=\"text-align: justify;\">Le reste est recycl\u00e9 ou incin\u00e9r\u00e9 avec une valorisation \u00e9nerg\u00e9tique.\u00a0\u00a0<\/p>\n<p style=\"text-align: justify;\">Les scientifiques consid\u00e8rent que ces d\u00e9chets ne sont pas polluants c&rsquo;est-\u00e0-dire qu\u2019ils sont<span style=\"color: #ff0000;\"> inertes <\/span>autrement dit sans aucune \u00e9volution physique ou chimique biologique qui poserait probl\u00e8me pour l\u2019environnement.\u00a0\u00a0<\/p>\n<p style=\"text-align: justify;\">Cependant, le co\u00fbt d\u2019\u00e9limination de ces d\u00e9chets est estim\u00e9 \u00e0 2,50 milliards d\u2019euros par an soit 3,5% du chiffre d\u2019affaires du b\u00e2timent.\u00a0\u00a0<\/p>\n<p style=\"text-align: justify;\">Que faire de ces d\u00e9chets ? les recycler&#8230;\u00a0<\/p>\n<p><span style=\"color: #ff0000;\"><strong>Une nouvelle architecture \u00ab\u00a0durable\u00a0\u00bb<\/strong>\u00a0<\/span>\u00a0<\/p>\n<p style=\"text-align: justify;\">Les constructeurs se sont dit qu\u2019ils pouvaient utiliser des mat\u00e9riaux recycl\u00e9s pour construire des b\u00e2timents au lieu de les utiliser comme sous couches des routes.\u00a0\u00a0<\/p>\n<p style=\"text-align: justify;\">Le Centre Scientifique et Technique de la Construction en Belgique a fait \u00e9difier une maison exp\u00e9rimentale enti\u00e8rement b\u00e2tie \u00e0 l\u2019aide de mat\u00e9riaux de r\u00e9cup\u00e9ration\u00a0:\u00a0\u00a0<\/p>\n<ul>\n<li style=\"text-align: justify;\">les murs sont construits avec des blocs de b\u00e9ton dans lesquels les graviers ont \u00e9t\u00e9 remplac\u00e9s par des d\u00e9chets d\u2019acier.<\/li>\n<li>les briques de parement sont obtenues avec d\u2019anciens \u00e9crans d\u2019ordinateurs et de t\u00e9l\u00e9visions broy\u00e9s.<\/li>\n<li>les ch\u00e2ssis des fen\u00eatres sont en PVC recycl\u00e9<\/li>\n<li>les parquets sont fabriqu\u00e9s \u00e0 partir de d\u00e9chets de tetrapacks de l\u2019industrie alimentaire.<\/li>\n<\/ul>\n<p style=\"text-align: justify;\">On ne peut pas encore syst\u00e9matiser cette utilisation car les mat\u00e9riaux utilis\u00e9s en construction sont tous codifi\u00e9s, faisant l\u2019objet d\u2019avis techniques permettant notamment aux assurances par exemple dommages ouvrage de couvrir les \u00e9ventuelles malfa\u00e7ons.\u00a0<\/p>\n<p style=\"text-align: justify;\">\u00a0Peut-\u00eatre que dans les pays en voie de d\u00e9veloppement, tels la Chine, les d\u00e9chets du b\u00e2timent seront plus ais\u00e9ment utilis\u00e9s car les standards ne sont pas aussi stricts qu\u2019ailleurs.\u00a0\u00a0<\/p>\n<p style=\"text-align: justify;\">La Chine est confront\u00e9e \u00e0 un \u00e9norme probl\u00e8me de pollution avec 2 milliards de m2 de planchers construits chaque ann\u00e9e soit 6.600 tonnes par jour de d\u00e9chets de b\u00e2timent qui finissent dans des d\u00e9charges urbaines.\u00a0\u00a0\u00a0<\/p>\n<p style=\"text-align: center;\">\u00a0<\/p>\n<p>L\u2019entreprise hollandaise WIRTGEN propose un syst\u00e8me de tri et de concassage doubl\u00e9 d\u2019un recyclage des mat\u00e9riaux en granules utilisables pour la construction.<\/p>\n<p style=\"text-align: center;\"><a href=\"http:\/\/www.ecocopro.com\/wp-content\/uploads\/2010\/04\/706-destruction-pointe-du-raz-b1.jpg\"><img decoding=\"async\" loading=\"lazy\" class=\"aligncenter size-full wp-image-4748\" title=\"706-destruction-pointe-du-raz-b\" src=\"http:\/\/www.ecocopro.com\/wp-content\/uploads\/2010\/04\/706-destruction-pointe-du-raz-b1.jpg\" alt=\"\" width=\"343\" height=\"234\" \/><\/a><\/p>\n<p style=\"text-align: center;\">\u00a0<\/p>\n<p style=\"text-align: left;\">\u00a0<\/p>\n<p style=\"text-align: left;\">Elle a construit une usine pr\u00e8s d\u2019AMSTERDAM capable d\u2019avaler 700 tonnes de gravats par heure.\u00a0<\/p>\n<p style=\"text-align: left;\">\u00a0<\/p>\n<p style=\"text-align: justify;\">\u00a0<\/p>\n<p style=\"text-align: justify;\"><span style=\"color: #ff0000;\">\u00a0<strong>Une maison construite avec des d\u00e9bris d\u2019un boeing 747:<\/strong><\/span><\/p>\n<p><span style=\"color: #ff0000;\"><strong><span style=\"color: #000000;\">On peut construire aussi avec d&rsquo;autres d\u00e9chets que ceux des batiments:<\/span><\/strong><\/span>\u00a0<\/p>\n<p style=\"text-align: center;\"><span style=\"color: #ff0000;\"><strong><span style=\"color: #000000;\"><a href=\"http:\/\/www.ecocopro.com\/wp-content\/uploads\/2010\/04\/airplane_home.jpg\"><img decoding=\"async\" loading=\"lazy\" class=\"aligncenter size-full wp-image-4758\" title=\"airplane_home\" src=\"http:\/\/www.ecocopro.com\/wp-content\/uploads\/2010\/04\/airplane_home.jpg\" alt=\"\" width=\"450\" height=\"439\" \/><\/a><\/span><\/strong><\/span>\u00a0<\/p>\n<p><span style=\"color: #ff0000;\"><strong><span style=\"color: #000000;\">\u00a0<\/span><\/strong><\/span>\u00a0<\/p>\n<p style=\"text-align: justify;\">David HERTZ, Architecte de SANTA MONICA, construit une maison \u00e0 MALIBU (CALIFORNIE) avec un boeing 747 r\u00e9cup\u00e9r\u00e9 pour 50.000 dollars et d\u00e9coup\u00e9.\u00a0\u00a0<\/p>\n<p style=\"text-align: justify;\">C\u2019est la forme ultime du recyclage vers le haut appel\u00e9 aux ETATS-UNIS\u00a0:<span style=\"color: #ff0000;\">\u00a0\u00bb <\/span><span style=\"color: #ff0000;\">upcycling\u00a0\u00ab\u00a0<span style=\"color: #000000;\">.<\/span><\/span>\u00a0<\/p>\n<p style=\"text-align: justify;\"><span style=\"color: #ff0000;\"><span style=\"color: #000000;\">\u00a0<\/span><\/span>\u00a0<\/p>\n<p style=\"text-align: center;\"><span style=\"color: #ff0000;\"><span style=\"color: #000000;\"><a href=\"http:\/\/www.ecocopro.com\/wp-content\/uploads\/2010\/04\/6a00d834543b6069e200e54f2624b88833-800wi.jpg\"><img decoding=\"async\" loading=\"lazy\" class=\"aligncenter size-full wp-image-4753\" title=\"6a00d834543b6069e200e54f2624b88833-800wi\" src=\"http:\/\/www.ecocopro.com\/wp-content\/uploads\/2010\/04\/6a00d834543b6069e200e54f2624b88833-800wi.jpg\" alt=\"\" width=\"480\" height=\"214\" \/><\/a><\/span><\/span>\u00a0<\/p>\n<p style=\"text-align: justify;\">\u00a0D\u2019apr\u00e8s le journal LE MONDE qui rapporte l\u2019information, l\u2019Architecte s\u2019explique de la mani\u00e8re suivante\u00a0:\u00a0<\/p>\n<p style=\"text-align: justify;\"><strong>\u00a0<\/strong><strong>\u00ab\u00a0L\u2019aile d\u2019un avion fournit une ample surface portante d\u2019un seul tenant et d\u2019une r\u00e9sistance \u00e0 toute \u00e9preuve pour un prix modique\u00a0\u00bb.<\/strong>\u00a0<\/p>\n<p style=\"text-align: justify;\">\u00a0 Il faut rappeler qu&rsquo;Au 1<sup>er<\/sup> janvier 2011 la CALIFORNIE se dotera du premier Code de Construction \u00e9co responsable jamais promulgu\u00e9 par un Etat am\u00e9ricain\u00a0: le \u00ab\u00a0<span style=\"color: #ff0000;\">cal green<\/span>\u00a0\u00bb\u00a0: l\u2019objectif\u00a0? 33% d\u2019\u00e9nergies renouvelables en 2020.\u00a0<\/p>\n<p style=\"text-align: justify;\">\u00a0\u00a0<\/p>\n<p style=\"text-align: justify;\"><span style=\"color: #ff0000;\">Un exemple de recyclage de vieiles fenetres d&rsquo;un batiment d\u00e9moli:<\/span><\/p>\n<p><strong><a href=\"http:\/\/www.ecocopro.com\/wp-content\/uploads\/2010\/04\/AK5F8N8CA9TSH8ICA1SJCBACAPFE3MUCADQFFWSCAJFVBT1CAOXW9HICAN3I3I1CASY354FCAVXMG0GCAB0NENMCAGPS9OVCAG8KAYTCA20QACXCAMY2B1ICAYMWJFFCABGCD8TCAFX5ZLACA7YZTLC.jpg\"><img decoding=\"async\" loading=\"lazy\" class=\"aligncenter size-full wp-image-5691\" title=\"AK5F8N8CA9TSH8ICA1SJCBACAPFE3MUCADQFFWSCAJFVBT1CAOXW9HICAN3I3I1CASY354FCAVXMG0GCAB0NENMCAGPS9OVCAG8KAYTCA20QACXCAMY2B1ICAYMWJFFCABGCD8TCAFX5ZLACA7YZTLC\" src=\"http:\/\/www.ecocopro.com\/wp-content\/uploads\/2010\/04\/AK5F8N8CA9TSH8ICA1SJCBACAPFE3MUCADQFFWSCAJFVBT1CAOXW9HICAN3I3I1CASY354FCAVXMG0GCAB0NENMCAGPS9OVCAG8KAYTCA20QACXCAMY2B1ICAYMWJFFCABGCD8TCAFX5ZLACA7YZTLC.jpg\" alt=\"\" width=\"142\" height=\"84\" \/><\/a><\/strong>\u00a0<\/p>\n<p>Le recyclage des menuiseries remplac\u00e9es est en cours avec la SITA filiale de 16 environnements et l\u2019entreprise les ZELLES.\u00a0<\/p>\n<p>Les \u00e9l\u00e9ments sont tri\u00e9s en trois, montant et ch\u00e2ssis en bois, pvc, aluminium, acier, verre et cerclage. Les anciens vitrages sont transform\u00e9s en billes de verre incorpor\u00e9s dans les rev\u00eatements r\u00e9fl\u00e9chissants pour la voirie.\u00a0<\/p>\n<p>Le pvc est transform\u00e9 en tube, le bois est broy\u00e9 et transform\u00e9 en combustible ou en panneaux de particules agglom\u00e9r\u00e9s et l\u2019acier et l\u2019aluminium sont recycl\u00e9s dans les fili\u00e8res classiques.\u00a0<\/p>\n<p>Par ann\u00e9e 8 \u00e0 9 millions de fen\u00eatres sont extraites des chantiers de r\u00e9novation.\u00a0<\/p>\n<p>Le co\u00fbt du proces\u00a0 est quasi identique avec\u00a0 une mise en d\u00e9charge avec benne \u00e0 condition que le centre de tri ne soit pas \u00e9loign\u00e9 du chantier.\u00a0<\/p>\n<p>L\u2019Union des Fabricants de Menuiseries Ext\u00e9rieures UFME a \u00e9labor\u00e9 la certification pose portes et fen\u00eatres obligeant les entreprises certifi\u00e9es \u00e0 mettre en place la r\u00e9cup\u00e9ration.\u00a0<\/p>\n<p>Par exemple la coop\u00e9rative SOLAIRE COOP exploite des toitures solaires photovolta\u00efques financ\u00e9es par le biais de prise de participation dans le capital de la coop\u00e9rative.\u00a0<\/p>\n<p>En g\u00e9n\u00e9ral les entreprises qui s\u2019occupent de ces questions ne traitent pas \u00e0 moins de 200 m2 de toiture.\u00a0<\/p>\n<p style=\"text-align: center;\"><img decoding=\"async\" loading=\"lazy\" id=\"rg_hi\" class=\"aligncenter\" src=\"http:\/\/t0.gstatic.com\/images?q=tbn:ANd9GcQzQvUMbQnfsOoPss7xAJsRTrGcxv8EA30bcraoVfM6XeTC4QAb\" alt=\"\" width=\"240\" height=\"160\" \/>\u00a0<\/p>\n<p style=\"text-align: justify;\">\u00a0<span style=\"color: #ff0000;\">La nouvelle r\u00e8glementation des d\u00e9chets de chantier en 2013:<\/span>\u00a0<\/p>\n<p style=\"text-align: justify;\"><span style=\"color: #ff0000;\">\u00a0<\/span>\u00a0<\/p>\n<p>Les ma\u00eetres d&rsquo;ouvrages devront, \u00e0 partir de mars 2013, lorsqu&rsquo;ils demanderont un permis de d\u00e9molir, faire r\u00e9aliser un diagnostic des mat\u00e9riaux de construction par un professionnel et dresser un formulaire de v\u00e9rification \u00e0 l&rsquo;issue des travaux de d\u00e9molition.<\/p>\n<div>\n<div>\n<p>Un d\u00e9cret, publi\u00e9 au JO du 1er juin, cr\u00e9e une obligation pour les ma\u00eetres d&rsquo;ouvrage de r\u00e9aliser un diagnostic portant sur les d\u00e9chets issus des travaux de d\u00e9molition de certains b\u00e2timents, pr\u00e9alablement \u00e0 la demande de permis de d\u00e9molir et \u00e0 l&rsquo;acceptation des devis ou \u00e0 la passation des march\u00e9sLes b\u00e2timents concern\u00e9s sont ceux d&rsquo;une surface hors \u0153uvre brute sup\u00e9rieure \u00e0 1 000 m\u00b2 et ceux ayant accueilli une activit\u00e9 agricole, industrielle ou commerciale et ayant \u00e9t\u00e9 le si\u00e8ge d&rsquo;une utilisation, d&rsquo;un stockage, d&rsquo;une fabrication ou d&rsquo;une distribution d&rsquo;une ou plusieurs substances dangereuses.Pour r\u00e9aliser le diagnostic, le ma\u00eetre d&rsquo;ouvrage devra faire appel \u00e0 un professionnel de la construction ayant contract\u00e9 une assurance professionnelle pour ce type de mission. Ce professionnel de la construction doit n&rsquo;avoir aucun lien avec le ma\u00eetre d&rsquo;ouvrage, ni avec aucune entreprise susceptible d&rsquo;effectuer tout ou partie des travaux de l&rsquo;op\u00e9ration de d\u00e9molition, qui soit de nature \u00e0 porter atteinte \u00e0 son impartialit\u00e9 et \u00e0 son ind\u00e9pendance.\u00a0\u00a0<\/p>\n<p>Le diagnostic fournira la nature, la quantit\u00e9 et la localisation dans l&#8217;emprise de l&rsquo;op\u00e9ration de d\u00e9molition :<br \/>\n\u2015 des mat\u00e9riaux, produits de construction et \u00e9quipements constitutifs des b\u00e2timents;<br \/>\n\u2015 des d\u00e9chets r\u00e9siduels issus de l&rsquo;usage et de l&rsquo;occupation des b\u00e2timents.<br \/>\nCe diagnostic fournit \u00e9galement :<br \/>\n\u2015 les indications sur les possibilit\u00e9s de r\u00e9emploi sur le site de l&rsquo;op\u00e9ration;<br \/>\n\u2015 l&rsquo;estimation de la nature et de la quantit\u00e9 des mat\u00e9riaux qui peuvent \u00eatre r\u00e9employ\u00e9s sur le site;<br \/>\n\u2015 \u00e0 d\u00e9faut de r\u00e9emploi sur le site, les indications sur les fili\u00e8res de gestion des d\u00e9chets issus de la d\u00e9molition;<br \/>\n\u2015 l&rsquo;estimation de la nature et de la quantit\u00e9 des mat\u00e9riaux issus de la d\u00e9molition destin\u00e9s \u00e0 \u00eatre valoris\u00e9s ou \u00e9limin\u00e9s.\u00a0\u00a0<\/p>\n<p>A l&rsquo;issue des travaux de d\u00e9molition, le ma\u00eetre d&rsquo;ouvrage sera \u00e9galement tenu de dresser un formulaire de r\u00e9colement relatif aux mat\u00e9riaux r\u00e9employ\u00e9s sur le site ou destin\u00e9s \u00e0 l&rsquo;\u00eatre et aux d\u00e9chets issus de cette d\u00e9molition. Ce formulaire mentionnera la nature et la quantit\u00e9 des mat\u00e9riaux r\u00e9employ\u00e9s sur le site ou destin\u00e9s \u00e0 l&rsquo;\u00eatre et celles des d\u00e9chets, effectivement valoris\u00e9s ou \u00e9limin\u00e9s, issus de la d\u00e9molition.\u00a0\u00a0<\/p>\n<p><em>Pour voir le d\u00e9cret relatif au diagnostic portant sur la gestion des d\u00e9chets issus de la d\u00e9molition de cat\u00e9gories de b\u00e2timents, <\/em><a href=\"http:\/\/www.legifrance.gouv.fr\/affichTexte.do;jsessionid=?cidTexte=JORFTEXT000024099263&amp;dateTexte=&amp;oldAction=rechJO&amp;categorieLien=id\" target=\"_blank\">cliquez-ici. <\/a>\u00a0\u00a0<\/p>\n<p style=\"text-align: justify;\">\u00a0\u00a0(Article en provenance de la revue \u00ab\u00a0LE MONITEUR\u00a0\u00bb)<\/p>\n<p style=\"text-align: justify;\">\u00a0\u00a0<\/p>\n<p style=\"text-align: justify;\">\u00a0\u00a0<\/p>\n<\/div>\n<\/div>\n","protected":false},"excerpt":{"rendered":"<p>Peut-on construire avec les d\u00e9chets du batiment d\u00e9moli?<\/p>\n<p>Une maison test en Belgique<\/p>\n<p>En Californie une maison avec les ailes d&rsquo;un Boeing 747<\/p>\n<p>La nouvelle l\u00e9gislation applicable en 2013<\/p>\n","protected":false},"author":2,"featured_media":0,"comment_status":"open","ping_status":"open","sticky":false,"template":"","format":"standard","meta":[],"categories":[],"tags":[],"_links":{"self":[{"href":"https:\/\/ecocopro.com\/index.php?rest_route=\/wp\/v2\/posts\/4678"}],"collection":[{"href":"https:\/\/ecocopro.com\/index.php?rest_route=\/wp\/v2\/posts"}],"about":[{"href":"https:\/\/ecocopro.com\/index.php?rest_route=\/wp\/v2\/types\/post"}],"author":[{"embeddable":true,"href":"https:\/\/ecocopro.com\/index.php?rest_route=\/wp\/v2\/users\/2"}],"replies":[{"embeddable":true,"href":"https:\/\/ecocopro.com\/index.php?rest_route=%2Fwp%2Fv2%2Fcomments&post=4678"}],"version-history":[{"count":37,"href":"https:\/\/ecocopro.com\/index.php?rest_route=\/wp\/v2\/posts\/4678\/revisions"}],"predecessor-version":[{"id":4739,"href":"https:\/\/ecocopro.com\/index.php?rest_route=\/wp\/v2\/posts\/4678\/revisions\/4739"}],"wp:attachment":[{"href":"https:\/\/ecocopro.com\/index.php?rest_route=%2Fwp%2Fv2%2Fmedia&parent=4678"}],"wp:term":[{"taxonomy":"category","embeddable":true,"href":"https:\/\/ecocopro.com\/index.php?rest_route=%2Fwp%2Fv2%2Fcategories&post=4678"},{"taxonomy":"post_tag","embeddable":true,"href":"https:\/\/ecocopro.com\/index.php?rest_route=%2Fwp%2Fv2%2Ftags&post=4678"}],"curies":[{"name":"wp","href":"https:\/\/api.w.org\/{rel}","templated":true}]}}