{"id":5749,"date":"2011-01-26T11:50:21","date_gmt":"2011-01-26T10:50:21","guid":{"rendered":"http:\/\/www.ecocopro.com\/?p=5749"},"modified":"2011-09-07T18:44:03","modified_gmt":"2011-09-07T17:44:03","slug":"creation-de-france-green-building-council-gbc","status":"publish","type":"post","link":"https:\/\/ecocopro.com\/?p=5749","title":{"rendered":"CREATION DE \u00ab\u00a0FRANCE GREEN BUILDING COUNCIL (GBC)\u00a0\u00bb"},"content":{"rendered":"<p style=\"text-align: center;\"><img decoding=\"async\" loading=\"lazy\" class=\"aligncenter\" src=\"http:\/\/t3.gstatic.com\/images?q=tbn:ANd9GcRY2Bpsmr7YeoQDjqUCDUiTebGPJ4mnR2-qHDah_s-sVthjeKN0og\" alt=\"\" width=\"200\" height=\"158\" \/><\/p>\n<p>Les professionnels fran\u00e7ais viennent (enfin) de commencer de se f\u00e9d\u00e9rer en cr\u00e9ant l&rsquo;Association\u00a0\u00bbFrance Green Building Council\u00a0\u00bb qui s&rsquo;affilie au r\u00e9seau mondial du <span style=\"color: #ff0000;\">WORLD\u00a0GBC <\/span>dont le si\u00e8ge est \u00e0 TORONTO (Canada).<\/p>\n<p>Le GBC (Green Sustainable \u00a0Building Council) regroupe dans le monde 50% des professionnels travaillant dans le secteur des immeubles \u00ab\u00a0verts\u00a0\u00bb.<\/p>\n<p>La France se dote ainsi d&rsquo;un v\u00e9ritable <span style=\"color: #ff0000;\">Conseil Fran\u00e7ais\u00a0de la Construction Durable<\/span>, ce qui\u00a0est encourag\u00e9\u00a0par le Minist\u00e8re dans le cadre du Grenelle de l&rsquo;Environnement et l&rsquo;ADEME.<\/p>\n<p>Il a pour objet les r\u00e9lexions sur la certification et les\u00a0labels des immeubles \u00ab\u00a0verts\u00a0\u00bb\u00a0et la construction durable<\/p>\n<p style=\"text-align: center;\"><a id=\"apf0\" href=\"http:\/\/www.google.fr\/imgres?imgurl=http:\/\/www.batiactu.com\/images\/grand\/20100705_172558_france-gbc.jpg&amp;imgrefurl=http:\/\/www.batiactu.com\/edito\/le-world-green-building-council-a-son-antenne-fran-26462.php&amp;usg=__phUsfEtBCzcvJDCtIcf4eZRsQ-c=&amp;h=198&amp;w=250&amp;sz=5&amp;hl=fr&amp;start=1&amp;sig2=oB4MuAyURSMgtcHeP9KSHQ&amp;zoom=1&amp;um=1&amp;itbs=1&amp;tbnid=315H27YiwMvvbM:&amp;tbnh=88&amp;tbnw=111&amp;prev=\/images%3Fq%3Dfrance%2Bgreen%2Bbuilding%2Bcouncil%26um%3D1%26hl%3Dfr%26sa%3DN%26rls%3Dcom.microsoft:*:IE-SearchBox%26rlz%3D1I7GGLR_fr%26tbs%3Disch:1&amp;ei=f0iTTK3sCcKI4QbM0OHNAw\"><img decoding=\"async\" loading=\"lazy\" id=\"ipf315H27YiwMvvbM:\" src=\"http:\/\/t3.gstatic.com\/images?q=tbn:315H27YiwMvvbM:http:\/\/www.batiactu.com\/images\/grand\/20100705_172558_france-gbc.jpg\" alt=\"\" width=\"111\" height=\"88\" \/><\/a><img decoding=\"async\" loading=\"lazy\" class=\"aligncenter\" src=\"http:\/\/t1.gstatic.com\/images?q=tbn:ANd9GcT7hBeAwuyRnKSdjNlx5To8lwEPGue-P_UjQYO5PAwhhZDMxQLJPQ\" alt=\"\" width=\"328\" height=\"154\" \/><\/p>\n<p>Sont pour l&rsquo;instant membres de l&rsquo;Association :<\/p>\n<p>. Le CSTB<\/p>\n<p>. L&rsquo;AFNOR<\/p>\n<p>.Q UALITEL<\/p>\n<p>. L&rsquo;association HQE<\/p>\n<p>. L&rsquo;IFPEB (dont nous avons une interview dans ce site: cf l &lsquo;onglet \u00ab\u00a0interview\u00a0\u00bb)<\/p>\n<p>. EFFINERGIE<\/p>\n<p>. RESOBAT<\/p>\n<p>La premi\u00e8re Assembl\u00e9e g\u00e9n\u00e9rale a eu lieu le 27 octobre 2010.<\/p>\n<p>Elle a \u00e9lu ses premiers administrateurs repr\u00e9sentant par \u00ab\u00a0coll\u00e8ges\u00a0\u00bb toutes les professions et utilisateurs de l&rsquo;\u00e9conomie verte immobili\u00e8re.<\/p>\n<p><a href=\"http:\/\/www.francegbc.fr\/\">http:\/\/www.francegbc.fr\/<\/a><\/p>\n","protected":false},"excerpt":{"rendered":"<p>La France dans la course aux batiments\u00a0\u00bbverts\u00a0\u00bb<\/p>\n<p>Un Conseil de la Construction Durable vient d&rsquo;\u00eatre cr\u00e9\u00e9<\/p>\n<p>la France rejoint ainsi le r\u00e9seau regroupant 50% des professionnels des constructions\u00a0\u00bbvertes\u00a0\u00bb<\/p>\n","protected":false},"author":2,"featured_media":0,"comment_status":"open","ping_status":"open","sticky":false,"template":"","format":"standard","meta":[],"categories":[],"tags":[],"_links":{"self":[{"href":"https:\/\/ecocopro.com\/index.php?rest_route=\/wp\/v2\/posts\/5749"}],"collection":[{"href":"https:\/\/ecocopro.com\/index.php?rest_route=\/wp\/v2\/posts"}],"about":[{"href":"https:\/\/ecocopro.com\/index.php?rest_route=\/wp\/v2\/types\/post"}],"author":[{"embeddable":true,"href":"https:\/\/ecocopro.com\/index.php?rest_route=\/wp\/v2\/users\/2"}],"replies":[{"embeddable":true,"href":"https:\/\/ecocopro.com\/index.php?rest_route=%2Fwp%2Fv2%2Fcomments&post=5749"}],"version-history":[{"count":21,"href":"https:\/\/ecocopro.com\/index.php?rest_route=\/wp\/v2\/posts\/5749\/revisions"}],"predecessor-version":[{"id":5800,"href":"https:\/\/ecocopro.com\/index.php?rest_route=\/wp\/v2\/posts\/5749\/revisions\/5800"}],"wp:attachment":[{"href":"https:\/\/ecocopro.com\/index.php?rest_route=%2Fwp%2Fv2%2Fmedia&parent=5749"}],"wp:term":[{"taxonomy":"category","embeddable":true,"href":"https:\/\/ecocopro.com\/index.php?rest_route=%2Fwp%2Fv2%2Fcategories&post=5749"},{"taxonomy":"post_tag","embeddable":true,"href":"https:\/\/ecocopro.com\/index.php?rest_route=%2Fwp%2Fv2%2Ftags&post=5749"}],"curies":[{"name":"wp","href":"https:\/\/api.w.org\/{rel}","templated":true}]}}